{"id":409572,"date":"2016-07-10T15:04:21","date_gmt":"2016-07-10T20:04:21","guid":{"rendered":"http:\/\/www.futboltotal.com.mx\/?p=409572"},"modified":"2016-07-10T17:36:28","modified_gmt":"2016-07-10T22:36:28","slug":"en-vivo-portugal-vs-francia-eurocopa","status":"publish","type":"post","link":"http:\/\/desarrollo.grupomedios.com\/futbol\/futbol-internacional\/en-vivo-portugal-vs-francia-eurocopa\/2016\/07","title":{"rendered":"AS\u00cd SE VIVI\u00d3 |\u00a0Portugal 1-0 Francia | Final Euro"},"content":{"rendered":"<p><span style=\"color: #ff0000;\">122:00<\/span>\u00a0| Muchas gracias por habernos acompa\u00f1ado durante la Euro. Sigan las reacciones por Futbol Total.com<\/p>\n<p><span style=\"color: #ff0000;\">122:00<\/span>\u00a0| Los lusos consiguen la gesta y le pegan al anfitri\u00f3n Francia con un gol en tiempo extra de \u00c9der. Portugal 1-0 Francia.<\/p>\n<p><span style=\"color: #ff0000;\">122:00<\/span>\u00a0| \u00a1Se acabale partido! Portugal CAMPE\u00d3N de la Eurocopa 2016!!! \u00a1Incre\u00edble!<\/p>\n<p><span style=\"color: #ff0000;\">122:00<\/span>\u00a0| Coman mete un centro por la banda derecha y el que remata es Martial, pero estaba en fuera de juego&#8230;<\/p>\n<p><span style=\"color: #ff0000;\">120:00<\/span>\u00a0| El \u00e1rbitro compensa con dos minutos&#8230;<\/p>\n<p><span style=\"color: #ff0000;\">119:00<\/span>\u00a0| Sagna evita con una gran cobertura que M\u00e1rio llegue a l \u00e1rea y dispare dentro del \u00e1rea.<\/p>\n<p><span style=\"color: #ff0000;\">117:00<\/span>\u00a0| \u00a1Se reanudan las acciones!<\/p>\n<p><span style=\"color: #ff0000;\">116:00<\/span>\u00a0| Quedan cuatro minutos y se queda tendido en el campo Raphael Guerrero&#8230;<\/p>\n<p><span style=\"color: #ff0000;\">115:00<\/span>\u00a0| Amonestaci\u00f3n para Pogba por una falta en el mediocampo.<\/p>\n<p><span style=\"color: #ff0000;\">114:00<\/span>\u00a0| La tiene Coman por derecha mete un centro y hay corte defensivo de Portugal.<\/p>\n<p><span style=\"color: #ff0000;\">112:00<\/span>\u00a0| Patricio se cuelga de la l\u00e1mpara \u00a0y corta un servicio de Evra por izquierda.<\/p>\n<p><span style=\"color: #ff0000;\">110:00<\/span>\u00a0| El portugu\u00e9s tiene so\u00f1ando a Portugal con el t\u00edtulo. \u00bfSer\u00e1 Francia capaz de remontar?<\/p>\n<blockquote class=\"twitter-tweet\" data-lang=\"es\">\n<p dir=\"ltr\" lang=\"es\"><a href=\"https:\/\/twitter.com\/hashtag\/EurocopaEnTD?src=hash\">#EurocopaEnTD<\/a> \u00a1GOOOOL DE <a href=\"https:\/\/twitter.com\/hashtag\/POR?src=hash\">#POR<\/a>! \u00c9der abre el marcador \u00a1EN VIVO! en TDcom <a href=\"https:\/\/t.co\/M6w7j96UpH\">https:\/\/t.co\/M6w7j96UpH<\/a> <a href=\"https:\/\/t.co\/XIpwA8JTQl\">https:\/\/t.co\/XIpwA8JTQl<\/a><\/p>\n<p>\u2014 Televisa Deportes (@TD_Deportes) <a href=\"https:\/\/twitter.com\/TD_Deportes\/status\/752251284497981440\">10 de julio de 2016<\/a><\/p><\/blockquote>\n<p><script src=\"\/\/platform.twitter.com\/widgets.js\" async=\"\" charset=\"utf-8\"><\/script><\/p>\n<p><span style=\"color: #ff0000;\">108:00<\/span>\u00a0| \u00c9der! \u00c9der! \u00c9der! Consigue destapar el marcador con un ca\u00f1onazo de larga distancia.<\/p>\n<p><a href=\"http:\/\/www.futboltotal.com.mx\/wp-content\/uploads\/2016\/07\/Eder.jpg\"><img decoding=\"async\" loading=\"lazy\" class=\"alignnone size-full wp-image-409806\" src=\"http:\/\/www.futboltotal.com.mx\/wp-content\/uploads\/2016\/07\/Eder.jpg\" alt=\"Eder\" srcset=\"http:\/\/desarrollo.grupomedios.com\/futbol\/wp-content\/uploads\/2016\/07\/Eder.jpg 858w, http:\/\/desarrollo.grupomedios.com\/futbol\/wp-content\/uploads\/2016\/07\/Eder-300x151.jpg 300w, http:\/\/desarrollo.grupomedios.com\/futbol\/wp-content\/uploads\/2016\/07\/Eder-768x386.jpg 768w, http:\/\/desarrollo.grupomedios.com\/futbol\/wp-content\/uploads\/2016\/07\/Eder-340x171.jpg 340w\" sizes=\"(max-width: 858px) 100vw, 858px\" \/><\/a><\/p>\n<p><span style=\"color: #ff0000;\">107:00<\/span>\u00a0| Palo! Palo! Palo! Guerreiro cobra magistral e incrusta el esf\u00e9rico en el larguero&#8230;<\/p>\n<p><span style=\"color: #ff0000;\">105:00<\/span>\u00a0| Amarilla para Koscielny. Equivocaci\u00f3n del \u00e1rbitro y marca una mano fuera del \u00e1rea inexistente.<\/p>\n<p><span style=\"color: #ff0000;\">105:00<\/span>\u00a0| \u00a1Inicia el segundo lapso suplementario!<\/p>\n<p><span style=\"color: #ff0000;\">105:00<\/span>\u00a0| \u00a1Se acab\u00f3 el primer tiempo extra!<\/p>\n<p><span style=\"color: #ff0000;\">104:00<\/span>\u00a0| \u00a1\u00c9der tuvo el primer gol! Tras un c\u00f3rner remat\u00f3 a bocajarro y Lloris se encuentra con el esf\u00e9rico.<\/p>\n<p><span style=\"color: #ff0000;\">100:00<\/span>\u00a0|\u00a0Consigue tiro de esquina por la punta derecha&#8230; Se pierde la ocasi\u00f3n y revienta la zaga de Portugal.<\/p>\n<p><span style=\"color: #ff0000;\">96:00<\/span>\u00a0| Matuidi se lleva tarjeta amarilla por cometerle falta a Eder.<\/p>\n<p><span style=\"color: #ff0000;\">93:00<\/span>\u00a0| Portugal tiene ocasi\u00f3n a bal\u00f3n parado&#8230; Cobra Quaresma y Pepe remata un frentazo que apenas pasa desviado. El \u00e1rbitro marca fuera de juego.<\/p>\n<p><span style=\"color: #ff0000;\">90:00<\/span>\u00a0| \u00a1Inicia el primer tiempo extra!<\/p>\n<p><span style=\"color: #ff0000;\">90+3:00<\/span>\u00a0| \u00a1Se acab\u00f3 el partido y tendremos tiempo extra! Regresamos&#8230;.<\/p>\n<p><span style=\"color: #ff0000;\">90+2:00<\/span>\u00a0| Palo! Palo! Palo! Gignac pudo meter el gol del t\u00edtulo para Francia, pero el esf\u00e9rico pega en el travesa\u00f1o.<\/p>\n<p><span style=\"color: #ff0000;\">90:00<\/span>\u00a0| Se agregar\u00e1n tres minutos.<\/p>\n<p><span style=\"color: #ff0000;\">90:00<\/span>\u00a0| \u00a1Muy cerca de anotar Francia! Sagan mete un cetro con mucha intenci\u00f3n y Gignac se queda corto; Patricio se queda a dos manos con el esf\u00e9rico.<\/p>\n<p><span style=\"color: #ff0000;\">88:00<\/span>\u00a0| Si no pasa algo sobre la hora, tendremos tiempo extra en la Final de la Euro. \u00bfCaer\u00e1 un gol de \u00faltimo minuto?<\/p>\n<p><span style=\"color: #ff0000;\">87:00<\/span>\u00a0| Sissoko mete un pase filtrado buscando a Griezmann, pero el trazo sale demasiado largo.<\/p>\n<p><span style=\"color: #ff0000;\">86:00<\/span>\u00a0| Gignac intenta destapar la lata y saca un tiro que acaba rechazado por la zaga lusa.<\/p>\n<p><span style=\"color: #ff0000;\">84:00<\/span>\u00a0| Sissoko se queda tendido en el campo y recibe asistencia m\u00e9dica&#8230;<\/p>\n<p><span style=\"color: #ff0000;\">83:00<\/span>\u00a0| Patricio! Patricio! Patricio! Vuelve a escupir un ca\u00f1onazo de Sissoko.<\/p>\n<p><span style=\"color: #ff0000;\">80:00<\/span>\u00a0| \u00a1Casi anota Portugal! Nani saca un zapatazo y Lloris mete las u\u00f1as, despu\u00e9s, llega Quaresma y contarremata de tijera; el bal\u00f3n queda en manos del arquero franc\u00e9s.<\/p>\n<p><span style=\"color: #ff0000;\">78:00<\/span>\u00a0| CAMBIO de Portugal: Se va Renato Sanches e ingresa \u00c9der.<\/p>\n<p><span style=\"color: #ff0000;\">77:00<\/span>\u00a0| CAMBIO de la selecci\u00f3n de Francia: Se va Giroud e ingresa Gignac.<\/p>\n<p><span style=\"color: #ff0000;\">75:00<\/span>\u00a0| Patricio! Patricio! Patricio! El arquero achica y tapa un fogonazo de Olivier Giroud.<\/p>\n<p><span style=\"color: #ff0000;\">73:00<\/span>\u00a0| \u00a1Se salva Portugal! Evra no consigue rematar dentro del \u00e1rea chica y se pierde el primer tanto del partido.<\/p>\n<p><span style=\"color: #ff0000;\">70:00<\/span>\u00a0| Portugal luce impreciso cuando pisa tres cuartos de cancha. Quaresma no tiene conexi\u00f3n con Nani y Mourinho y regala el esf\u00e9rico en una ocasi\u00f3n que pudo ser de peligro.<\/p>\n<p><span style=\"color: #ff0000;\">68:00<\/span>\u00a0| Ahora es Coman el que jala del gatillo y quien manda el esf\u00e9rico a la grada.<\/p>\n<p><span style=\"color: #ff0000;\">66:00<\/span>\u00a0| CAMBIO de Portugal: Se va Silva e ingresa Joao Moutinho.<\/p>\n<p><span style=\"color: #ff0000;\">65:00<\/span>\u00a0| \u00a1Se pierde el gol Griezmann! Gran centro de Kingsley Coman y Antoine Griezmann no alcanza a rematar de buen afirma dentro del \u00e1rea chica.<\/p>\n<p><span style=\"color: #ff0000;\">63:00<\/span>\u00a0| Kingsley Coman se anima fuera del \u00e1rea y saca un tiro que tapa el defensa Pepe.<\/p>\n<p><span style=\"color: #ff0000;\">62:00<\/span>\u00a0| Amonestaci\u00f3n para Joao M\u00e1rio por una dura entrada cuando Giroud intentaba contragolpear.<\/p>\n<p><span style=\"color: #ff0000;\">58:00<\/span>\u00a0| Griezmann intenta marcar gol con un tiro dentro del \u00e1rea, pero Patricio tapa sin problemas a dos manos.<\/p>\n<p><a href=\"http:\/\/www.futboltotal.com.mx\/wp-content\/uploads\/2016\/07\/Griezmann.jpg\"><img decoding=\"async\" loading=\"lazy\" class=\"alignnone size-full wp-image-409750\" src=\"http:\/\/www.futboltotal.com.mx\/wp-content\/uploads\/2016\/07\/Griezmann.jpg\" alt=\"Griezmann\" srcset=\"http:\/\/desarrollo.grupomedios.com\/futbol\/wp-content\/uploads\/2016\/07\/Griezmann.jpg 858w, http:\/\/desarrollo.grupomedios.com\/futbol\/wp-content\/uploads\/2016\/07\/Griezmann-300x151.jpg 300w, http:\/\/desarrollo.grupomedios.com\/futbol\/wp-content\/uploads\/2016\/07\/Griezmann-768x386.jpg 768w, http:\/\/desarrollo.grupomedios.com\/futbol\/wp-content\/uploads\/2016\/07\/Griezmann-340x171.jpg 340w\" sizes=\"(max-width: 858px) 100vw, 858px\" \/><\/a><\/p>\n<p><span style=\"color: #ff0000;\">57:00<\/span>\u00a0| CAMBIO \u00a0de la Selecci\u00f3n de Francia: Se va Dimitri Payet e ingresa Kingsley Coman.<\/p>\n<p><span style=\"color: #ff0000;\">55:00<\/span>\u00a0| Cobra Quaresma y Evra deseja con un frentazo a primer poste. Si no lo hace remata sin problemas Nani&#8230;<\/p>\n<p><span style=\"color: #ff0000;\">54:00<\/span>\u00a0| Ahora hay tiro de esquina para Portugal. Umtiti evita que Nani remate en el \u00e1rea.<\/p>\n<p><span style=\"color: #ff0000;\">51:00<\/span>\u00a0| Tiro de esquina para Francia&#8230; Cobra Griezmann y sale Rui Patricio atajando a dos tiempos.<\/p>\n<p><span style=\"color: #ff0000;\">51:00<\/span>\u00a0| Falta de Nani sobre Sissoko en el medio campo.<\/p>\n<p><span style=\"color: #ff0000;\">47:00<\/span>\u00a0| No hay cambio de ninguna escuadra para el complemento&#8230;<\/p>\n<p><span style=\"color: #ff0000;\">45:00<\/span>\u00a0| \u00a1Arranca el segundo tiempo!<\/p>\n<p><span style=\"color: #ff0000;\">45:00<\/span>\u00a0| \u00a1Se acaba el primer tiempo! Portugal empata sin goles ante Francia. Cristiano Ronaldo sali\u00f3 lesionado al minuto 24. \u00bfQui\u00e9n ser\u00e1 el vencedor en la final?<\/p>\n<p><span style=\"color: #ff0000;\">44:00<\/span> | Joao Mario mete un gran servicio intentando buscar a Nani, quien no alcanz\u00f3 a rematar.<\/p>\n<p><span style=\"color: #ff0000;\">44:00\u00a0<\/span>| Dur\u00edsimo choque entre Quaresma y Evra&#8230; Ambos quedan tendidos en el campo y reciben asistencia m\u00e9dica.<\/p>\n<p><span style=\"color: #ff0000;\">42:00\u00a0<\/span>| Francia sigue al abordaje en los \u00faltimo minutos del primer tiempo buscando el primer gol del partido.<\/p>\n<p><span style=\"color: #ff0000;\">40:00\u00a0<\/span>| Payet jala del gatillo y Pepe mete duro la pierna. En el contragolpe, Quaresma consigue tiro de esquina&#8230; Pepe no alcanza a rematar.<\/p>\n<p><span style=\"color: #ff0000;\">38:00\u00a0<\/span>| Tiro de esquina paar Portugal&#8230; cobra M\u00e1rio y remata Fonte con un frentazo que pasa encima de la grada del arco de Lloris.<\/p>\n<p><span style=\"color: #ff0000;\">36:00\u00a0<\/span>| Portugal no es capaz de llegar a tres cuartos de cancha. Francia cierra muy bien los espacios y evita que Renato tome el bal\u00f3n por derecha o M\u00e1rio por izquierda.<\/p>\n<p><span style=\"color: #ff0000;\">34:00\u00a0<\/span>| Amonestaci\u00f3n para Cedric por una fuerte entrada sobre Payet en la disputa por aire del esf\u00e9rico.<\/p>\n<p><span style=\"color: #ff0000;\">32:00\u00a0<\/span>| Sissoko jala del gatillo y Rui Patricio rechaza el ca\u00f1onazo a dos manos.<\/p>\n<p><span style=\"color: #ff0000;\">29:00\u00a0<\/span>| Pogba intentaba meter un gran servicio por izquierda pero Soares lo tapa con una cobertura excelente.<\/p>\n<p><span style=\"color: #ff0000;\">25:00\u00a0<\/span>| CAMBIO DE PORTUGAL: Se va Cristiano Ronaldo entre Quaresma.<\/p>\n<p><span style=\"color: #ff0000;\">22:00\u00a0<\/span>| Se acab\u00f3 la Euro para Cristiano Ronaldo&#8230; El luso se vuelve a tirar en el campo y no puede seguir. Ingresa la camilla y sale del Stade de France. \u00a0Tremenda ovaci\u00f3n para el luso&#8230;.<\/p>\n<p><span style=\"color: #ff0000;\">20:00\u00a0<\/span>| \u00a1Cristiano regresa al campo! El cuerpo m\u00e9dico le coloc\u00f3 un refuerzo en la rodilla izquierda para que pueda continuar.<\/p>\n<p><span style=\"color: #ff0000;\">18:00\u00a0<\/span>| El luso sale del campo para ser atendido&#8230; El partido se reanuda.<\/p>\n<p><span style=\"color: #ff0000;\">16:00\u00a0<\/span>| \u00a1Terrible! Cristiano Ronaldo no puede seguir&#8230; Se queda tendido en el campo y comienza a llorar&#8230;<\/p>\n<p><a href=\"http:\/\/www.futboltotal.com.mx\/wp-content\/uploads\/2016\/07\/CR7.jpg\"><img class=\"alignnone size-full wp-image-409719\" \/> <\/a><\/p>\n","protected":false},"excerpt":{"rendered":"<p>\u00bfQui\u00e9n ser\u00e1 el mejor del Viejo Continente? <\/p>\n","protected":false},"author":144,"featured_media":409804,"comment_status":"closed","ping_status":"closed","sticky":false,"template":"","format":"standard","meta":[],"categories":[6995,3839,6999],"tags":[2236],"_links":{"self":[{"href":"http:\/\/desarrollo.grupomedios.com\/futbol\/wp-json\/wp\/v2\/posts\/409572"}],"collection":[{"href":"http:\/\/desarrollo.grupomedios.com\/futbol\/wp-json\/wp\/v2\/posts"}],"about":[{"href":"http:\/\/desarrollo.grupomedios.com\/futbol\/wp-json\/wp\/v2\/types\/post"}],"author":[{"embeddable":true,"href":"http:\/\/desarrollo.grupomedios.com\/futbol\/wp-json\/wp\/v2\/users\/144"}],"replies":[{"embeddable":true,"href":"http:\/\/desarrollo.grupomedios.com\/futbol\/wp-json\/wp\/v2\/comments?post=409572"}],"version-history":[{"count":0,"href":"http:\/\/desarrollo.grupomedios.com\/futbol\/wp-json\/wp\/v2\/posts\/409572\/revisions"}],"wp:featuredmedia":[{"embeddable":true,"href":"http:\/\/desarrollo.grupomedios.com\/futbol\/wp-json\/wp\/v2\/media\/409804"}],"wp:attachment":[{"href":"http:\/\/desarrollo.grupomedios.com\/futbol\/wp-json\/wp\/v2\/media?parent=409572"}],"wp:term":[{"taxonomy":"category","embeddable":true,"href":"http:\/\/desarrollo.grupomedios.com\/futbol\/wp-json\/wp\/v2\/categories?post=409572"},{"taxonomy":"post_tag","embeddable":true,"href":"http:\/\/desarrollo.grupomedios.com\/futbol\/wp-json\/wp\/v2\/tags?post=409572"}],"curies":[{"name":"wp","href":"https:\/\/api.w.org\/{rel}","templated":true}]}}