{"id":409641,"date":"2016-07-09T21:45:49","date_gmt":"2016-07-10T02:45:49","guid":{"rendered":"http:\/\/www.futboltotal.com.mx\/?p=409641"},"modified":"2016-07-09T21:45:49","modified_gmt":"2016-07-10T02:45:49","slug":"los-mejores-la-liga-mx","status":"publish","type":"post","link":"http:\/\/desarrollo.grupomedios.com\/futbol\/videos\/los-mejores-la-liga-mx\/2016\/07","title":{"rendered":"Los mejores de la Liga MX"},"content":{"rendered":"<p>El regreso de <a href=\"http:\/\/www.futboltotal.com.mx\/2016\/07\/andre-pierre-gignac-mejor-jugador-la-liga-mx\/\" target=\"_blank\"><strong>Bal\u00f3n de Oro<\/strong> de la <strong>Liga MX<\/strong><\/a> tuvo un par de sorpresas, una de ellas fue el triunfo de Antonio Mohamed como mejor entrenador; aunque pocos saltaron de su silla al saber que Andr\u00e9-Pierre Gignac fue el m\u00e1s valioso del a\u00f1o.<\/p>\n<p>Despu\u00e9s de una larga ceremonia, te dejamos a los ganadores de cada categor\u00eda y sus n\u00fameros.<\/p>\n<p><strong><span style=\"color: #800000;\">Mejor portero: Agust\u00edn Marches\u00edn (Santos).<\/span><\/strong><\/p>\n<p>[video_player]https:\/\/player.vimeo.com\/external\/173829597.sd.mp4?s=da336d1dbf039eae3b88492cb77b82f032a19cf9&amp;profile_id=165[\/video_player]<\/p>\n<p><strong><span style=\"color: #800000;\">Mejor defensa: Gerardo Alcoba (Pumas).<\/span><\/strong><\/p>\n<p>[video_player]https:\/\/player.vimeo.com\/external\/173909442.sd.mp4?s=85ab7803ed7fd3bd81e40f9be3817d0a9efdbd27&amp;profile_id=165[\/video_player]<\/p>\n<p><span style=\"color: #800000;\"><strong>Mejor medio defensivo: Osvaldo Mart\u00ednez (Am\u00e9rica).<\/strong><\/span><\/p>\n<p>[video_player]https:\/\/player.vimeo.com\/external\/173913178.sd.mp4?s=b0663f0bf9851beeb51eee2b63146efabb8918e7&amp;profile_id=165[\/video_player]<\/p>\n<p><span style=\"color: #800000;\"><strong>Mejor medio ofensivo: Hirving Lozano (Pachuca).<\/strong><\/span><\/p>\n<p>[video_player]https:\/\/player.vimeo.com\/external\/173914891.sd.mp4?s=9b128cecd761afe24f9ba964ad3e627e2d1fc0d5&amp;profile_id=165[\/video_player]<\/p>\n<p><span style=\"color: #800000;\"><strong>Mejor delantero: Andr\u00e9 Pierre Gignac (Tigres).<\/strong><\/span><\/p>\n<p>[video_player]https:\/\/player.vimeo.com\/external\/173810846.sd.mp4?s=187a012ce09fe99f9999095e90c720741d4df6ee&amp;profile_id=165[\/video_player]<\/p>\n<p><span style=\"color: #800000;\"><strong>Mejor t\u00e9cnico: Antonio Mohamed (Monterrey).<\/strong><\/span><\/p>\n<p>[video_player]https:\/\/player.vimeo.com\/external\/173940796.sd.mp4?s=e9d99e39393a31500bfd371b3a839b73bab0a519&amp;profile_id=165[\/video_player]<\/p>\n<p><span style=\"color: #800000;\"><strong>Revelaci\u00f3n: C\u00e9sar Montes (Monterrey).<\/strong><\/span><\/p>\n<p>[video_player]https:\/\/player.vimeo.com\/external\/173941139.sd.mp4?s=d13e93697fcc43f7a1c205eeb68dba16839382c3&amp;profile_id=165[\/video_player]<\/p>\n<p><span style=\"color: #800000;\"><strong>Bal\u00f3n de Oro: Andr\u00e9-Pierre Gignac (Tigres).<\/strong><\/span><\/p>\n","protected":false},"excerpt":{"rendered":"<p>La entrega del Bal\u00f3n de Oro estuvo llena de emociones<\/p>\n","protected":false},"author":20,"featured_media":409642,"comment_status":"closed","ping_status":"closed","sticky":false,"template":"","format":"standard","meta":[],"categories":[2198,3845,4],"tags":[64],"_links":{"self":[{"href":"http:\/\/desarrollo.grupomedios.com\/futbol\/wp-json\/wp\/v2\/posts\/409641"}],"collection":[{"href":"http:\/\/desarrollo.grupomedios.com\/futbol\/wp-json\/wp\/v2\/posts"}],"about":[{"href":"http:\/\/desarrollo.grupomedios.com\/futbol\/wp-json\/wp\/v2\/types\/post"}],"author":[{"embeddable":true,"href":"http:\/\/desarrollo.grupomedios.com\/futbol\/wp-json\/wp\/v2\/users\/20"}],"replies":[{"embeddable":true,"href":"http:\/\/desarrollo.grupomedios.com\/futbol\/wp-json\/wp\/v2\/comments?post=409641"}],"version-history":[{"count":0,"href":"http:\/\/desarrollo.grupomedios.com\/futbol\/wp-json\/wp\/v2\/posts\/409641\/revisions"}],"wp:featuredmedia":[{"embeddable":true,"href":"http:\/\/desarrollo.grupomedios.com\/futbol\/wp-json\/wp\/v2\/media\/409642"}],"wp:attachment":[{"href":"http:\/\/desarrollo.grupomedios.com\/futbol\/wp-json\/wp\/v2\/media?parent=409641"}],"wp:term":[{"taxonomy":"category","embeddable":true,"href":"http:\/\/desarrollo.grupomedios.com\/futbol\/wp-json\/wp\/v2\/categories?post=409641"},{"taxonomy":"post_tag","embeddable":true,"href":"http:\/\/desarrollo.grupomedios.com\/futbol\/wp-json\/wp\/v2\/tags?post=409641"}],"curies":[{"name":"wp","href":"https:\/\/api.w.org\/{rel}","templated":true}]}}