{"id":409652,"date":"2016-07-09T22:58:45","date_gmt":"2016-07-10T03:58:45","guid":{"rendered":"http:\/\/www.futboltotal.com.mx\/?p=409652"},"modified":"2016-07-09T22:58:45","modified_gmt":"2016-07-10T03:58:45","slug":"atlas-celebra-centenario-triunfo-uniforme","status":"publish","type":"post","link":"http:\/\/desarrollo.grupomedios.com\/futbol\/futbol-mexicano\/atlas-celebra-centenario-triunfo-uniforme\/2016\/07","title":{"rendered":"Atlas celebra Centenario con triunfo y uniforme"},"content":{"rendered":"<p>Previo al arranque del Apertura 2016, <a href=\"http:\/\/futboltotal.com.mx\/equipos\/atlas\/\" target=\"_blank\"><strong>Atlas<\/strong><\/a> celebr\u00f3 su <strong>Centenario<\/strong> con fiesta completa, pues present\u00f3 su uniforme, rindi\u00f3 homenaje a sus leyendas y adem\u00e1s venci\u00f3 al <strong>Newell\u2019s<\/strong> 2-0 en el Estadio Jalisco.<\/p>\n<p>Las emociones comenzaron con una ceremonia en la que los <em>Zorros<\/em> recordaron a los jugadores que sirvieron para forjar a uno de los clubes con mayor tradici\u00f3n en el futbol mexicano.<\/p>\n<blockquote class=\"twitter-tweet\" data-lang=\"es\">\n<p dir=\"ltr\" lang=\"es\">\u00a1100 A\u00d1OS DE HISTORIA!<br \/>\n\u00a1100 A\u00d1OS DE TRADICI\u00d3N!<br \/>\n\u00a1100 A\u00d1OS DE SER ATLAS!<br \/>\n\u00a1ARRIBA EL ATLAS!<a href=\"https:\/\/twitter.com\/hashtag\/CENTENARIOROJINEGRO?src=hash\">#CENTENARIOROJINEGRO<\/a> \u26ab\ufe0f <a href=\"https:\/\/t.co\/NWyACChssc\">pic.twitter.com\/NWyACChssc<\/a><\/p>\n<p>\u2014 Atlas FC (@atlasfc) <a href=\"https:\/\/twitter.com\/atlasfc\/status\/751953755692687361\">10 de julio de 2016<\/a><\/p><\/blockquote>\n<p><script src=\"\/\/platform.twitter.com\/widgets.js\" async=\"\" charset=\"utf-8\"><\/script><\/p>\n<p>En el evento, Rafael M\u00e1rquez le prometi\u00f3 a la afici\u00f3n que en este Apertura 2016 habr\u00eda mayores alegr\u00edas\u2026 \u00bftal vez un t\u00edtulo?<\/p>\n<p>Ya en el partido se vio a un <strong>Atlas<\/strong> que puede ilusionar con terminar la sequ\u00eda en el a\u00f1o de su Centenario, pues dobleg\u00f3 con cierta facilidad al equipo argentino, gracias a las anotaciones de Mart\u00edn Barrag\u00e1n que la incrust\u00f3 en el \u00e1ngulo superior derecho al minuto 20.<\/p>\n<p>Antes de irse al descanso, Daniel \u00c1lvarez dobl\u00f3 la ventaja (38\u2019), misma que sirvi\u00f3 para sentenciar el triunfo amistoso.<\/p>\n<blockquote class=\"twitter-tweet\" data-lang=\"es\"><p>\n\u00a1La fiesta en el Jalisco fue Rojinegra!<br \/>\n \u00bfCu\u00e1l fue tu momento favorito?<a href=\"https:\/\/twitter.com\/hashtag\/CentenarioRojinegro?src=hash\">#CentenarioRojinegro<\/a> \u26ab\ufe0f <a href=\"https:\/\/t.co\/mbvB8h7Q1b\">pic.twitter.com\/mbvB8h7Q1b<\/a><\/p>\n<p>\u2014 Atlas FC (@atlasfc) <a href=\"https:\/\/twitter.com\/atlasfc\/status\/751987075818196994\">10 de julio de 2016<\/a>\n<\/p><\/blockquote>\n<p><script src=\"\/\/platform.twitter.com\/widgets.js\" async=\"\" charset=\"utf-8\"><\/script><\/p>\n","protected":false},"excerpt":{"rendered":"<p>Los Zorros echaron la casa por la ventana<\/p>\n","protected":false},"author":20,"featured_media":409653,"comment_status":"closed","ping_status":"closed","sticky":false,"template":"","format":"standard","meta":[],"categories":[2198,3845,5950],"tags":[5961],"_links":{"self":[{"href":"http:\/\/desarrollo.grupomedios.com\/futbol\/wp-json\/wp\/v2\/posts\/409652"}],"collection":[{"href":"http:\/\/desarrollo.grupomedios.com\/futbol\/wp-json\/wp\/v2\/posts"}],"about":[{"href":"http:\/\/desarrollo.grupomedios.com\/futbol\/wp-json\/wp\/v2\/types\/post"}],"author":[{"embeddable":true,"href":"http:\/\/desarrollo.grupomedios.com\/futbol\/wp-json\/wp\/v2\/users\/20"}],"replies":[{"embeddable":true,"href":"http:\/\/desarrollo.grupomedios.com\/futbol\/wp-json\/wp\/v2\/comments?post=409652"}],"version-history":[{"count":0,"href":"http:\/\/desarrollo.grupomedios.com\/futbol\/wp-json\/wp\/v2\/posts\/409652\/revisions"}],"wp:featuredmedia":[{"embeddable":true,"href":"http:\/\/desarrollo.grupomedios.com\/futbol\/wp-json\/wp\/v2\/media\/409653"}],"wp:attachment":[{"href":"http:\/\/desarrollo.grupomedios.com\/futbol\/wp-json\/wp\/v2\/media?parent=409652"}],"wp:term":[{"taxonomy":"category","embeddable":true,"href":"http:\/\/desarrollo.grupomedios.com\/futbol\/wp-json\/wp\/v2\/categories?post=409652"},{"taxonomy":"post_tag","embeddable":true,"href":"http:\/\/desarrollo.grupomedios.com\/futbol\/wp-json\/wp\/v2\/tags?post=409652"}],"curies":[{"name":"wp","href":"https:\/\/api.w.org\/{rel}","templated":true}]}}