{"id":409810,"date":"2016-07-10T16:59:47","date_gmt":"2016-07-10T21:59:47","guid":{"rendered":"http:\/\/www.futboltotal.com.mx\/?p=409810"},"modified":"2016-07-10T19:11:46","modified_gmt":"2016-07-11T00:11:46","slug":"portugal-campeon-la-euro-2016","status":"publish","type":"post","link":"http:\/\/desarrollo.grupomedios.com\/futbol\/destacado-home\/portugal-campeon-la-euro-2016\/2016\/07","title":{"rendered":"\u00a1Portugal, CAMPE\u00d3N de la Euro!"},"content":{"rendered":"<p><strong>Portugal<\/strong> consigui\u00f3 la gesta en la Final de la <a href=\"http:\/\/futboltotal.com.mx\/eurocopa-2016\/\" target=\"_blank\"><strong>Eurocopa 2016<\/strong><\/a> y por primera vez se proclam\u00f3 campe\u00f3n de la justa. Aun sin contar con el portugu\u00e9s Cristiano Ronaldo, quien tuvo que abandonar el partido al minuto 24 por una lesi\u00f3n, el conjunto de Fernando Santos consigui\u00f3 la haza\u00f1a sostenido por el portero Rui Patricio y \u00c9der, quien fue inmisericorde a campo abierto y sentenci\u00f3 la victoria en tiempos extras con un ca\u00f1onazo fuera del \u00e1rea.<\/p>\n<p style=\"text-align: center;\"><span style=\"color: #3366ff;\"><strong><a style=\"color: #3366ff;\" href=\"http:\/\/www.futboltotal.com.mx\/2016\/07\/en-vivo-portugal-vs-francia-eurocopa\/\">LEER M\u00c1S: As\u00ed se vivi\u00f3 | Portugal 1-0 Francia<\/a><\/strong><\/span><\/p>\n<p><iframe loading=\"lazy\" src=\"https:\/\/www.youtube.com\/embed\/dsIl_67vyfk\" frameborder=\"0\" allowfullscreen=\"allowfullscreen\"><\/iframe><\/p>\n<p>Poco import\u00f3 que <strong>Francia<\/strong> fuese ampli\u00f3 dominador del partido y que propusiera las mejores ocasiones de gol. Hoy, la suerte le dio la espalda y no encontr\u00f3 como doblegar a un rival mosquetero de principio a fin y de esp\u00edritu gremial. El cuadro de Didier Deschamps tuvo para matar a Portugal. Gener\u00f3 cuatro ocasiones claras de gol en tiempo regular, pero en todas se top\u00f3 con el coloso Rui Patricio; en tres de ellas meti\u00f3 las u\u00f1as y en la \u00faltima el palo derecho lo resguard\u00f3 tras un remate a quemarropa de Andre Pierre Gignac.<\/p>\n<p><a href=\"http:\/\/www.futboltotal.com.mx\/wp-content\/uploads\/2016\/07\/Eder.jpg\"><img decoding=\"async\" loading=\"lazy\" class=\"alignnone size-full wp-image-409806\" src=\"http:\/\/www.futboltotal.com.mx\/wp-content\/uploads\/2016\/07\/Eder.jpg\" alt=\"Eder\" srcset=\"http:\/\/desarrollo.grupomedios.com\/futbol\/wp-content\/uploads\/2016\/07\/Eder.jpg 858w, http:\/\/desarrollo.grupomedios.com\/futbol\/wp-content\/uploads\/2016\/07\/Eder-300x151.jpg 300w, http:\/\/desarrollo.grupomedios.com\/futbol\/wp-content\/uploads\/2016\/07\/Eder-768x386.jpg 768w, http:\/\/desarrollo.grupomedios.com\/futbol\/wp-content\/uploads\/2016\/07\/Eder-340x171.jpg 340w\" sizes=\"(max-width: 858px) 100vw, 858px\" \/><\/a><\/p>\n<p><strong>Portugal,\u00a0<\/strong>cuya Eurocopa fue m\u00e1s que cuestionada porque no gan\u00f3 uno solo de sus partidos en tiempo regular, hoy dio una lecci\u00f3n de pundonor y de fe. El quebranto de Cristiano fue motivaci\u00f3n pura y encontr\u00f3 en \u00c9der la pieza clave que cambi\u00f3 la historia de la Final y de la selecci\u00f3n de Portugal. El chico, de 28 a\u00f1os, que juega en el Lille y que disput\u00f3 su partido n\u00famero 29, irrumpi\u00f3 desde el banquillo al minuto 79&#8242; \u00a0y, en el segundo tiempo extra, firm\u00f3 el \u00fanico gol del partido con un zapatazo de larga distancia.<\/p>\n","protected":false},"excerpt":{"rendered":"<p>Un gol de \u00c9der sentencia la victoria 1-0 sobre el anfitri\u00f3n Francia<\/p>\n","protected":false},"author":20,"featured_media":409852,"comment_status":"closed","ping_status":"closed","sticky":false,"template":"","format":"standard","meta":[],"categories":[5,6995,3839,6999],"tags":[1496,6152],"_links":{"self":[{"href":"http:\/\/desarrollo.grupomedios.com\/futbol\/wp-json\/wp\/v2\/posts\/409810"}],"collection":[{"href":"http:\/\/desarrollo.grupomedios.com\/futbol\/wp-json\/wp\/v2\/posts"}],"about":[{"href":"http:\/\/desarrollo.grupomedios.com\/futbol\/wp-json\/wp\/v2\/types\/post"}],"author":[{"embeddable":true,"href":"http:\/\/desarrollo.grupomedios.com\/futbol\/wp-json\/wp\/v2\/users\/20"}],"replies":[{"embeddable":true,"href":"http:\/\/desarrollo.grupomedios.com\/futbol\/wp-json\/wp\/v2\/comments?post=409810"}],"version-history":[{"count":0,"href":"http:\/\/desarrollo.grupomedios.com\/futbol\/wp-json\/wp\/v2\/posts\/409810\/revisions"}],"wp:featuredmedia":[{"embeddable":true,"href":"http:\/\/desarrollo.grupomedios.com\/futbol\/wp-json\/wp\/v2\/media\/409852"}],"wp:attachment":[{"href":"http:\/\/desarrollo.grupomedios.com\/futbol\/wp-json\/wp\/v2\/media?parent=409810"}],"wp:term":[{"taxonomy":"category","embeddable":true,"href":"http:\/\/desarrollo.grupomedios.com\/futbol\/wp-json\/wp\/v2\/categories?post=409810"},{"taxonomy":"post_tag","embeddable":true,"href":"http:\/\/desarrollo.grupomedios.com\/futbol\/wp-json\/wp\/v2\/tags?post=409810"}],"curies":[{"name":"wp","href":"https:\/\/api.w.org\/{rel}","templated":true}]}}