{"id":409813,"date":"2016-07-10T16:47:33","date_gmt":"2016-07-10T21:47:33","guid":{"rendered":"http:\/\/www.futboltotal.com.mx\/?p=409813"},"modified":"2016-07-10T16:47:33","modified_gmt":"2016-07-10T21:47:33","slug":"gignac-primer-europeo-en-una-final-la-eurocopa","status":"publish","type":"post","link":"http:\/\/desarrollo.grupomedios.com\/futbol\/futbol-internacional\/gignac-primer-europeo-en-una-final-la-eurocopa\/2016\/07","title":{"rendered":"Gignac, ex\u00f3tica e inedita presencia en la Final"},"content":{"rendered":"<p><strong>Andr\u00e9 Pierre Gignac<\/strong> ensancha su ex\u00f3tica temporada. El s\u00e1bado, el delantero franc\u00e9s fue nombrado el mejor jugador de la Liga MX. Y este domingo, se convirti\u00f3 en el primer futbolista de una liga no europea en disputar una Final de la <strong>Eurocopa<\/strong>.<\/p>\n<p><strong>Gignac<\/strong> puede presumir de ser el primer jugador de la Liga MX en participar en el duelo que define a la mejor selecci\u00f3n de Europa. Pero adem\u00e1s, destaca que al entrar al terreno de juego al minuto 77 en sustituci\u00f3n de Olivier Giroud, se convirti\u00f3 en el primer jugador fuera de la zona UEFA en disputar el m\u00e1ximo partido de una <strong>Eurocopa<\/strong>.<\/p>\n<p style=\"text-align: center;\"><span style=\"color: #3366ff;\"><strong><a style=\"color: #3366ff;\" href=\"http:\/\/www.futboltotal.com.mx\/2016\/07\/gignac-cerca-del-gol-del-campeonato\/\">LEER M\u00c1S: \u00a1Gignac, tan cerca del gol del campeonato!<\/a><\/strong><\/span><\/p>\n<p>Sin duda, <strong>Gignac<\/strong> se ha convertido en uno de los jugadores de moda en M\u00e9xico. El atacante <em>galo<\/em> ha desparramando talento dentro del campo y harto carisma fuera de las canchas.<\/p>\n","protected":false},"excerpt":{"rendered":"<p>El delantero franc\u00e9s es el primer no europeo en una Final de la Eurocopa<\/p>\n","protected":false},"author":20,"featured_media":409824,"comment_status":"closed","ping_status":"closed","sticky":false,"template":"","format":"standard","meta":[],"categories":[6995,3839,6999,5951],"tags":[2236,5430],"_links":{"self":[{"href":"http:\/\/desarrollo.grupomedios.com\/futbol\/wp-json\/wp\/v2\/posts\/409813"}],"collection":[{"href":"http:\/\/desarrollo.grupomedios.com\/futbol\/wp-json\/wp\/v2\/posts"}],"about":[{"href":"http:\/\/desarrollo.grupomedios.com\/futbol\/wp-json\/wp\/v2\/types\/post"}],"author":[{"embeddable":true,"href":"http:\/\/desarrollo.grupomedios.com\/futbol\/wp-json\/wp\/v2\/users\/20"}],"replies":[{"embeddable":true,"href":"http:\/\/desarrollo.grupomedios.com\/futbol\/wp-json\/wp\/v2\/comments?post=409813"}],"version-history":[{"count":0,"href":"http:\/\/desarrollo.grupomedios.com\/futbol\/wp-json\/wp\/v2\/posts\/409813\/revisions"}],"wp:featuredmedia":[{"embeddable":true,"href":"http:\/\/desarrollo.grupomedios.com\/futbol\/wp-json\/wp\/v2\/media\/409824"}],"wp:attachment":[{"href":"http:\/\/desarrollo.grupomedios.com\/futbol\/wp-json\/wp\/v2\/media?parent=409813"}],"wp:term":[{"taxonomy":"category","embeddable":true,"href":"http:\/\/desarrollo.grupomedios.com\/futbol\/wp-json\/wp\/v2\/categories?post=409813"},{"taxonomy":"post_tag","embeddable":true,"href":"http:\/\/desarrollo.grupomedios.com\/futbol\/wp-json\/wp\/v2\/tags?post=409813"}],"curies":[{"name":"wp","href":"https:\/\/api.w.org\/{rel}","templated":true}]}}