{"id":409844,"date":"2016-07-10T17:19:29","date_gmt":"2016-07-10T22:19:29","guid":{"rendered":"http:\/\/www.futboltotal.com.mx\/?p=409844"},"modified":"2016-07-10T17:25:59","modified_gmt":"2016-07-10T22:25:59","slug":"eder-inesperado-e-ironico-heroe","status":"publish","type":"post","link":"http:\/\/desarrollo.grupomedios.com\/futbol\/futbol-internacional\/eder-inesperado-e-ironico-heroe\/2016\/07","title":{"rendered":"\u00c9der, el inesperado e ir\u00f3nico h\u00e9roe"},"content":{"rendered":"<p>FRANCIA (EFE).- La Final de la<a href=\"http:\/\/futboltotal.com.mx\/eurocopa-2016\/\" target=\"_blank\"><strong> Eurocopa 2016<\/strong><\/a> no la decidi\u00f3 el portugu\u00e9s <strong>Cristiano Ronaldo<\/strong>, fuera del partido entre las l\u00e1grimas en el minuto 25, ni el franc\u00e9s Antoine Griezmann, sino el <em>luso<\/em> <strong>\u00c9der<\/strong>, el protagonista inesperado que entr\u00f3 al campo en el minuto 79 y en la historia de <strong>Portugal<\/strong> tras marcar el gol decisivo en la pr\u00f3rroga.<\/p>\n<p>Mientras todos los focos apuntaban a las dos estrellas del futbol europeo, el nombre del encuentro fue un delantero que no hab\u00eda tenido minutos ni en los Octavos de Final ni en los Cuartos ni en las semifinales, que su \u00fanica participaci\u00f3n en el torneo hab\u00edan sido 13 minutos, seis ante Islandia y siete contra Austria. Nada m\u00e1s.<\/p>\n<p style=\"text-align: center;\"><span style=\"color: #3366ff;\"><a style=\"color: #3366ff;\" href=\"http:\/\/www.futboltotal.com.mx\/2016\/07\/portugal-campeon-la-euro-2016\/\" target=\"_blank\"><strong>LEER M\u00c1S: \u00a1Portugal, campe\u00f3n de Europa!<\/strong><\/a><\/span><\/p>\n<p><strong>\u00c9der<\/strong>, de 28 a\u00f1os, con 29 choques y cuatro goles, incluido el de este domingo, como internacional con <strong>Portugal<\/strong> desde su debut el 11 de septiembre de 2012, que juega desde enero en el <strong>Lille de Francia<\/strong>, el lugar donde pasar\u00e1 a los libros de historia de su selecci\u00f3n, por primera vez campeona de Europa.<\/p>\n<p>En el minuto 109, despu\u00e9s de un par de maniobras, lejos del \u00e1rea y con un latigazo raso, bati\u00f3 a Hugo Lloris y decidi\u00f3 la Final de la <strong>Eurocopa 2016<\/strong>. Cambi\u00f3 las l\u00e1grimas de tristeza y dolor de <strong>Cristiano<\/strong>, cuando se march\u00f3 lesionado en el minuto 25 del choque, por la alegr\u00eda y la emoci\u00f3n del minuto 120.<\/p>\n","protected":false},"excerpt":{"rendered":"<p>El jugador rompi\u00f3 todos los pron\u00f3sticos<\/p>\n","protected":false},"author":144,"featured_media":409869,"comment_status":"closed","ping_status":"closed","sticky":false,"template":"","format":"standard","meta":[],"categories":[7061,6995,3839,6998,5951],"tags":[6152],"_links":{"self":[{"href":"http:\/\/desarrollo.grupomedios.com\/futbol\/wp-json\/wp\/v2\/posts\/409844"}],"collection":[{"href":"http:\/\/desarrollo.grupomedios.com\/futbol\/wp-json\/wp\/v2\/posts"}],"about":[{"href":"http:\/\/desarrollo.grupomedios.com\/futbol\/wp-json\/wp\/v2\/types\/post"}],"author":[{"embeddable":true,"href":"http:\/\/desarrollo.grupomedios.com\/futbol\/wp-json\/wp\/v2\/users\/144"}],"replies":[{"embeddable":true,"href":"http:\/\/desarrollo.grupomedios.com\/futbol\/wp-json\/wp\/v2\/comments?post=409844"}],"version-history":[{"count":0,"href":"http:\/\/desarrollo.grupomedios.com\/futbol\/wp-json\/wp\/v2\/posts\/409844\/revisions"}],"wp:featuredmedia":[{"embeddable":true,"href":"http:\/\/desarrollo.grupomedios.com\/futbol\/wp-json\/wp\/v2\/media\/409869"}],"wp:attachment":[{"href":"http:\/\/desarrollo.grupomedios.com\/futbol\/wp-json\/wp\/v2\/media?parent=409844"}],"wp:term":[{"taxonomy":"category","embeddable":true,"href":"http:\/\/desarrollo.grupomedios.com\/futbol\/wp-json\/wp\/v2\/categories?post=409844"},{"taxonomy":"post_tag","embeddable":true,"href":"http:\/\/desarrollo.grupomedios.com\/futbol\/wp-json\/wp\/v2\/tags?post=409844"}],"curies":[{"name":"wp","href":"https:\/\/api.w.org\/{rel}","templated":true}]}}