{"id":409887,"date":"2016-07-10T18:00:35","date_gmt":"2016-07-10T23:00:35","guid":{"rendered":"http:\/\/www.futboltotal.com.mx\/?p=409887"},"modified":"2016-07-10T18:00:35","modified_gmt":"2016-07-10T23:00:35","slug":"nelly-furtado-feliz-titulo-portugal","status":"publish","type":"post","link":"http:\/\/desarrollo.grupomedios.com\/futbol\/galerias\/nelly-furtado-feliz-titulo-portugal\/2016\/07","title":{"rendered":"Nelly Furtado, feliz por el t\u00edtulo de Portugal"},"content":{"rendered":"<p>La cantante nacida en Canad\u00e1 pero de padres lusos, <strong>Nelly Furtado<\/strong>, siente desde su ni\u00f1ez, una atracci\u00f3n hacia el futbol, debido a su ascendencia, por eso no le perdi\u00f3 pista a <strong>Portugal<\/strong> durante la <a href=\"http:\/\/futboltotal.com.mx\/eurocopa-2016\/\" target=\"_blank\"><strong>Eurocopa 2016<\/strong><\/a>, donde no dud\u00f3 en publicar, durante la final y tras el primer t\u00edtulo continental del cuadro ib\u00e9rico.<\/p>\n<p style=\"text-align: center;\"><span style=\"color: #3366ff;\"><a style=\"color: #3366ff;\" href=\"http:\/\/www.futboltotal.com.mx\/2016\/07\/portugal-campeon-la-euro-2016\/\" target=\"_blank\"><strong>LEER M\u00c1S: \u00a1Portugal, campe\u00f3n de Europa!<\/strong><\/a><\/span><\/p>\n<blockquote class=\"twitter-tweet\" data-lang=\"es\">\n<p dir=\"ltr\" lang=\"en\">12 yrs ago I sang in Lisbon 4 Euro final &amp; Portugal lost-so sad I ate queijadas in bed all day. Makes tonight even sweeter <a href=\"https:\/\/twitter.com\/hashtag\/ForcaPortugal?src=hash\">#ForcaPortugal<\/a><\/p>\n<p>\u2014 Nelly Furtado (@NellyFurtado) <a href=\"https:\/\/twitter.com\/NellyFurtado\/status\/752260585417506816\">10 de julio de 2016<\/a><\/p><\/blockquote>\n<p><script src=\"\/\/platform.twitter.com\/widgets.js\" async=\"\" charset=\"utf-8\"><\/script><\/p>\n<p>A continuaci\u00f3n, compartimos algunas de las mejores im\u00e1genes de la cantante <strong>Nelly Furtado<\/strong>:<\/p>\n<div id=\"galleryrri\" style=\"display:none;\"><img alt=\"\" src=\"http:\/\/desarrollo.grupomedios.com\/futbol\/wp-content\/uploads\/2016\/07\/nelly-furtado.jpg\" data-image=\"http:\/\/desarrollo.grupomedios.com\/futbol\/wp-content\/uploads\/2016\/07\/nelly-furtado.jpg\" data-description=\"nelly-furtado\"><img alt=\"\" src=\"http:\/\/desarrollo.grupomedios.com\/futbol\/wp-content\/uploads\/2016\/07\/nelly-furtado-1.jpg\" data-image=\"http:\/\/desarrollo.grupomedios.com\/futbol\/wp-content\/uploads\/2016\/07\/nelly-furtado-1.jpg\" data-description=\"nelly-furtado-1\"><img alt=\"\" src=\"http:\/\/desarrollo.grupomedios.com\/futbol\/wp-content\/uploads\/2016\/07\/nelly-furtado-2.jpg\" data-image=\"http:\/\/desarrollo.grupomedios.com\/futbol\/wp-content\/uploads\/2016\/07\/nelly-furtado-2.jpg\" data-description=\"nelly-furtado-2\"><img alt=\"\" src=\"http:\/\/desarrollo.grupomedios.com\/futbol\/wp-content\/uploads\/2016\/07\/nelly-furtado-3.jpg\" data-image=\"http:\/\/desarrollo.grupomedios.com\/futbol\/wp-content\/uploads\/2016\/07\/nelly-furtado-3.jpg\" data-description=\"nelly-furtado-3\"><img alt=\"\" src=\"http:\/\/desarrollo.grupomedios.com\/futbol\/wp-content\/uploads\/2016\/07\/nelly-furtado-4.jpg\" data-image=\"http:\/\/desarrollo.grupomedios.com\/futbol\/wp-content\/uploads\/2016\/07\/nelly-furtado-4.jpg\" data-description=\"nelly-furtado-4\"><img alt=\"\" src=\"http:\/\/desarrollo.grupomedios.com\/futbol\/wp-content\/uploads\/2016\/07\/nelly-furtado-5.jpg\" data-image=\"http:\/\/desarrollo.grupomedios.com\/futbol\/wp-content\/uploads\/2016\/07\/nelly-furtado-5.jpg\" data-description=\"nelly-furtado-5\"><img alt=\"\" src=\"http:\/\/desarrollo.grupomedios.com\/futbol\/wp-content\/uploads\/2016\/07\/nelly-furtado-7.jpg\" data-image=\"http:\/\/desarrollo.grupomedios.com\/futbol\/wp-content\/uploads\/2016\/07\/nelly-furtado-7.jpg\" data-description=\"nelly-furtado-7\"><\/div>\n        <script>\n        \/\/galeria 1\n        jQuery(document).ready(function(){ \n            var api;\n            api = jQuery(\"#galleryrri\").unitegallery({\n                carousel_autoplay: false\n            }); \n        });\n        <\/script>\n        \n<p><iframe loading=\"lazy\" src=\"https:\/\/www.youtube.com\/embed\/kOL7aeIDruA\" frameborder=\"0\" allowfullscreen=\"allowfullscreen\"><\/iframe><\/p>\n","protected":false},"excerpt":{"rendered":"<p>Los padres de la cantante son lusos y por eso ella est\u00e1 fascinada<\/p>\n","protected":false},"author":20,"featured_media":409898,"comment_status":"closed","ping_status":"closed","sticky":false,"template":"","format":"standard","meta":[],"categories":[6408,5422,6995,6997,3],"tags":[2033,6152],"_links":{"self":[{"href":"http:\/\/desarrollo.grupomedios.com\/futbol\/wp-json\/wp\/v2\/posts\/409887"}],"collection":[{"href":"http:\/\/desarrollo.grupomedios.com\/futbol\/wp-json\/wp\/v2\/posts"}],"about":[{"href":"http:\/\/desarrollo.grupomedios.com\/futbol\/wp-json\/wp\/v2\/types\/post"}],"author":[{"embeddable":true,"href":"http:\/\/desarrollo.grupomedios.com\/futbol\/wp-json\/wp\/v2\/users\/20"}],"replies":[{"embeddable":true,"href":"http:\/\/desarrollo.grupomedios.com\/futbol\/wp-json\/wp\/v2\/comments?post=409887"}],"version-history":[{"count":0,"href":"http:\/\/desarrollo.grupomedios.com\/futbol\/wp-json\/wp\/v2\/posts\/409887\/revisions"}],"wp:featuredmedia":[{"embeddable":true,"href":"http:\/\/desarrollo.grupomedios.com\/futbol\/wp-json\/wp\/v2\/media\/409898"}],"wp:attachment":[{"href":"http:\/\/desarrollo.grupomedios.com\/futbol\/wp-json\/wp\/v2\/media?parent=409887"}],"wp:term":[{"taxonomy":"category","embeddable":true,"href":"http:\/\/desarrollo.grupomedios.com\/futbol\/wp-json\/wp\/v2\/categories?post=409887"},{"taxonomy":"post_tag","embeddable":true,"href":"http:\/\/desarrollo.grupomedios.com\/futbol\/wp-json\/wp\/v2\/tags?post=409887"}],"curies":[{"name":"wp","href":"https:\/\/api.w.org\/{rel}","templated":true}]}}