{"id":409921,"date":"2016-07-10T16:19:11","date_gmt":"2016-07-10T21:19:11","guid":{"rendered":"http:\/\/www.futboltotal.com.mx\/?p=409921"},"modified":"2016-07-10T18:32:11","modified_gmt":"2016-07-10T23:32:11","slug":"fifa-felicita-a-portugal-le-recuerda-jugara-copa-confederaciones-2017","status":"publish","type":"post","link":"http:\/\/desarrollo.grupomedios.com\/futbol\/destacado-home\/fifa-felicita-a-portugal-le-recuerda-jugara-copa-confederaciones-2017\/2016\/07","title":{"rendered":"\u00a1Copa Confederaciones toma forma&#8230;!"},"content":{"rendered":"<p>Par\u00eds, EFE. La <strong>FIFA<\/strong> felicit\u00f3 este domingo a <strong>Portugal<\/strong> por la conquista de su primera Eurocopa y le record\u00f3 que, como campeona europea, disputar\u00e1 la <strong>Copa de las Confederaciones<\/strong> el pr\u00f3ximo a\u00f1o, en Rusia.<\/p>\n<p>&#8220;Felicitaciones Portugal! Con la victoria de hoy Portugal gan\u00f3 una plaza en la Copa de las Confederaciones de 2017&#8221;, indic\u00f3 en su cuenta oficial de twitter.<\/p>\n<p style=\"text-align: center;\"><span style=\"color: #3366ff;\"><a style=\"color: #3366ff;\" href=\"http:\/\/www.futboltotal.com.mx\/2016\/07\/portugal-campeon-la-euro-2016\/\" target=\"_blank\"><strong>LEER M\u00c1S: \u00a1Portugal, campe\u00f3n de Europa!<\/strong><\/a><\/span><\/p>\n<p>Para la <strong>Copa de las Confederaciones<\/strong> ya est\u00e1n tambi\u00e9n clasificadas Alemania, como campeona del mundo, y Chile, campeona de la Copa Am\u00e9rica, M\u00e9xico, campe\u00f3n de CONCACAF, m\u00e1s Rusia, la anfitriona. Los otros combinados que ya tienen boleto son Nueva Zelanda y Australia, s\u00f3lo falta definir al conjunto africano que se una a la fiesta, que da inicio el 17 de junio de 2017.<\/p>\n","protected":false},"excerpt":{"rendered":"<p>Portugal es el pen\u00faltimo clasificado tras ganar la Euro 2016<\/p>\n","protected":false},"author":144,"featured_media":409927,"comment_status":"closed","ping_status":"closed","sticky":false,"template":"","format":"standard","meta":[],"categories":[5,6995,3839,6999],"tags":[1580,6152],"_links":{"self":[{"href":"http:\/\/desarrollo.grupomedios.com\/futbol\/wp-json\/wp\/v2\/posts\/409921"}],"collection":[{"href":"http:\/\/desarrollo.grupomedios.com\/futbol\/wp-json\/wp\/v2\/posts"}],"about":[{"href":"http:\/\/desarrollo.grupomedios.com\/futbol\/wp-json\/wp\/v2\/types\/post"}],"author":[{"embeddable":true,"href":"http:\/\/desarrollo.grupomedios.com\/futbol\/wp-json\/wp\/v2\/users\/144"}],"replies":[{"embeddable":true,"href":"http:\/\/desarrollo.grupomedios.com\/futbol\/wp-json\/wp\/v2\/comments?post=409921"}],"version-history":[{"count":0,"href":"http:\/\/desarrollo.grupomedios.com\/futbol\/wp-json\/wp\/v2\/posts\/409921\/revisions"}],"wp:featuredmedia":[{"embeddable":true,"href":"http:\/\/desarrollo.grupomedios.com\/futbol\/wp-json\/wp\/v2\/media\/409927"}],"wp:attachment":[{"href":"http:\/\/desarrollo.grupomedios.com\/futbol\/wp-json\/wp\/v2\/media?parent=409921"}],"wp:term":[{"taxonomy":"category","embeddable":true,"href":"http:\/\/desarrollo.grupomedios.com\/futbol\/wp-json\/wp\/v2\/categories?post=409921"},{"taxonomy":"post_tag","embeddable":true,"href":"http:\/\/desarrollo.grupomedios.com\/futbol\/wp-json\/wp\/v2\/tags?post=409921"}],"curies":[{"name":"wp","href":"https:\/\/api.w.org\/{rel}","templated":true}]}}