{"id":410044,"date":"2016-07-11T08:49:58","date_gmt":"2016-07-11T13:49:58","guid":{"rendered":"http:\/\/www.futboltotal.com.mx\/?p=410044"},"modified":"2016-07-11T08:49:58","modified_gmt":"2016-07-11T13:49:58","slug":"eder-cristiano-me-dijo-iba-a-marcar","status":"publish","type":"post","link":"http:\/\/desarrollo.grupomedios.com\/futbol\/destacado-home\/eder-cristiano-me-dijo-iba-a-marcar\/2016\/07","title":{"rendered":"Cristiano, el Rey Midas de Portugal: \u00c9der"},"content":{"rendered":"<p><strong>\u00c9der<\/strong>, delantero luso-guineano de la selecci\u00f3n portuguesa, confes\u00f3 que <strong>Cristiano Ronaldo<\/strong>, lesionado en el minuto 25 de la final entre <strong>Portugal<\/strong> y <strong>Francia<\/strong>, le dijo que iba a marcar y decidir la final en favor de los lusos.<\/p>\n<p>&#8220;Me dijo que ser\u00eda yo el que iba a hacer el gol de la victoria. Me pas\u00f3 esa fuerza, esa energ\u00eda de \u00e9l. Fue muy importante marcar, fue muy trabajado por nuestro equipo desde el inicio del Europeo, Fuimos espectaculares. El pueblo portugu\u00e9s merece&#8221;, manifest\u00f3 a la televisi\u00f3n estatal lusa RTP.<\/p>\n<p style=\"text-align: center;\"><span style=\"color: #3366ff;\"><a style=\"color: #3366ff;\" href=\"http:\/\/www.futboltotal.com.mx\/2016\/07\/cristiano-ronaldo-se-quedaria-seis-meses-sin-actividad\/\" target=\"_blank\"><strong>LEER M\u00c1S: Cristiano reaparecer\u00eda en 2017<\/strong><\/a><\/span><\/p>\n<p><strong>\u00c9der<\/strong>, del Lille franc\u00e9s, entr\u00f3 en el 79 por Renato Sanches y anot\u00f3 el tanto del triunfo en el 109 de un fuerte derechazo. \u00c9derzito Ant\u00f3nio Macedo Lopes ha jugado 29 encuentros internacionales con <strong>Portugal<\/strong> y ha marcado cuatro goles<\/p>\n<p style=\"text-align: center;\"><span style=\"color: #3366ff;\"><a style=\"color: #3366ff;\" href=\"http:\/\/www.futboltotal.com.mx\/2016\/07\/eder-inesperado-e-ironico-heroe\/\" target=\"_blank\"><strong>LEER M\u00c1S: \u00c9der, el inesperado e ir\u00f3nico h\u00e9roe<\/strong><\/a><\/span><\/p>\n","protected":false},"excerpt":{"rendered":"<p>El jugador se\u00f1ala que CR7 le dijo que marcar\u00eda el gol de la victoria<\/p>\n","protected":false},"author":20,"featured_media":410045,"comment_status":"closed","ping_status":"closed","sticky":false,"template":"","format":"standard","meta":[],"categories":[5,6995,3839,6999],"tags":[6013,6152],"_links":{"self":[{"href":"http:\/\/desarrollo.grupomedios.com\/futbol\/wp-json\/wp\/v2\/posts\/410044"}],"collection":[{"href":"http:\/\/desarrollo.grupomedios.com\/futbol\/wp-json\/wp\/v2\/posts"}],"about":[{"href":"http:\/\/desarrollo.grupomedios.com\/futbol\/wp-json\/wp\/v2\/types\/post"}],"author":[{"embeddable":true,"href":"http:\/\/desarrollo.grupomedios.com\/futbol\/wp-json\/wp\/v2\/users\/20"}],"replies":[{"embeddable":true,"href":"http:\/\/desarrollo.grupomedios.com\/futbol\/wp-json\/wp\/v2\/comments?post=410044"}],"version-history":[{"count":0,"href":"http:\/\/desarrollo.grupomedios.com\/futbol\/wp-json\/wp\/v2\/posts\/410044\/revisions"}],"wp:featuredmedia":[{"embeddable":true,"href":"http:\/\/desarrollo.grupomedios.com\/futbol\/wp-json\/wp\/v2\/media\/410045"}],"wp:attachment":[{"href":"http:\/\/desarrollo.grupomedios.com\/futbol\/wp-json\/wp\/v2\/media?parent=410044"}],"wp:term":[{"taxonomy":"category","embeddable":true,"href":"http:\/\/desarrollo.grupomedios.com\/futbol\/wp-json\/wp\/v2\/categories?post=410044"},{"taxonomy":"post_tag","embeddable":true,"href":"http:\/\/desarrollo.grupomedios.com\/futbol\/wp-json\/wp\/v2\/tags?post=410044"}],"curies":[{"name":"wp","href":"https:\/\/api.w.org\/{rel}","templated":true}]}}