{"id":410047,"date":"2016-07-11T09:17:56","date_gmt":"2016-07-11T14:17:56","guid":{"rendered":"http:\/\/www.futboltotal.com.mx\/?p=410047"},"modified":"2016-07-11T09:17:56","modified_gmt":"2016-07-11T14:17:56","slug":"11-ideal-la-eurocopa-2016","status":"publish","type":"post","link":"http:\/\/desarrollo.grupomedios.com\/futbol\/destacado-home\/11-ideal-la-eurocopa-2016\/2016\/07","title":{"rendered":"El 11 ideal de la Euro"},"content":{"rendered":"<p>La <strong>UEFA<\/strong> dio a conocer a los 11 mejores hombres de su respectiva posici\u00f3n, de la <strong>Eurocopa 2016<\/strong>, donde sobresalen ausencias notables, como Gareth Bale, al tiempo en que hay jugadores con el derecho de estar ah\u00ed, como el portero Ru\u00ed Patricio, por su excelente participaci\u00f3n, durante el certamen.<\/p>\n<p>El mejor portero de la <strong>Euro<\/strong>, es el guardi\u00e1n de Portugal, Ru\u00ed Patricio, quien hasta el \u00faltimo minuto del certamen, evit\u00f3 que su equipo recibiera alguna anotaci\u00f3n que lo alejara de la posibilidad, de disputar el t\u00edtulo continental.<\/p>\n<p>Los mejores defensas, seg\u00fan la <strong>UEFA<\/strong>, son los portugueses Raphael Guerreiro y Pepe, adem\u00e1s de los alemanes, Jerome Boateng y Joshua Kimmich. En la media cancha, luce el teut\u00f3n Toni Kroos, los galeses, Joe Allen y Aaron Ramsey, y los franceses, Dimitri Payet y Antoine Griezmann, el \u00faltimo termin\u00f3 como el m\u00e1ximo goleador del certamen, con seis tantos en siete partidos.<\/p>\n<p style=\"text-align: center;\"><span style=\"color: #3366ff;\"><a style=\"color: #3366ff;\" href=\"http:\/\/www.futboltotal.com.mx\/2016\/07\/eder-cristiano-me-dijo-iba-a-marcar\/\" target=\"_blank\"><strong>LEER M\u00c1S: Cristiano Ronaldo, el Rey Midas de Portugal<\/strong><\/a><\/span><\/p>\n<p>El mejor delantero de la <strong>Eurocopa 2016<\/strong> es Cristiano Ronaldo, capit\u00e1n de la selecci\u00f3n de Portugal, que jug\u00f3 s\u00f3lo 20 minutos de la final, por una lesi\u00f3n que sufri\u00f3 tras una entrada de Dimitri Payet. El <em>luso<\/em> conquist\u00f3 el Viejo Continente este verano, al ganar a nivel de clubes con Real Madrid, y con su selecci\u00f3n en este certamen.<\/p>\n<blockquote class=\"twitter-tweet\" data-lang=\"es\">\n<p dir=\"ltr\" lang=\"fr\">OFFICIEL: Le XI type de l&#8217;<a href=\"https:\/\/twitter.com\/hashtag\/EURO2016?src=hash\">#EURO2016<\/a>!<br \/>\nLogique? <a href=\"https:\/\/t.co\/EPcirU5EFq\">pic.twitter.com\/EPcirU5EFq<\/a><\/p>\n<p>\u2014 UEFA EURO 2016 (@EURO2016) <a href=\"https:\/\/twitter.com\/EURO2016\/status\/752494331014111232\">11 de julio de 2016<\/a><\/p><\/blockquote>\n<p><script src=\"\/\/platform.twitter.com\/widgets.js\" async=\"\" charset=\"utf-8\"><\/script><\/p>\n","protected":false},"excerpt":{"rendered":"<p>Los mejores hombres del certamen, de acuerdo a la UEFA<\/p>\n","protected":false},"author":20,"featured_media":410048,"comment_status":"closed","ping_status":"closed","sticky":false,"template":"","format":"standard","meta":[],"categories":[5,6995,6999],"tags":[5623,6152],"_links":{"self":[{"href":"http:\/\/desarrollo.grupomedios.com\/futbol\/wp-json\/wp\/v2\/posts\/410047"}],"collection":[{"href":"http:\/\/desarrollo.grupomedios.com\/futbol\/wp-json\/wp\/v2\/posts"}],"about":[{"href":"http:\/\/desarrollo.grupomedios.com\/futbol\/wp-json\/wp\/v2\/types\/post"}],"author":[{"embeddable":true,"href":"http:\/\/desarrollo.grupomedios.com\/futbol\/wp-json\/wp\/v2\/users\/20"}],"replies":[{"embeddable":true,"href":"http:\/\/desarrollo.grupomedios.com\/futbol\/wp-json\/wp\/v2\/comments?post=410047"}],"version-history":[{"count":0,"href":"http:\/\/desarrollo.grupomedios.com\/futbol\/wp-json\/wp\/v2\/posts\/410047\/revisions"}],"wp:featuredmedia":[{"embeddable":true,"href":"http:\/\/desarrollo.grupomedios.com\/futbol\/wp-json\/wp\/v2\/media\/410048"}],"wp:attachment":[{"href":"http:\/\/desarrollo.grupomedios.com\/futbol\/wp-json\/wp\/v2\/media?parent=410047"}],"wp:term":[{"taxonomy":"category","embeddable":true,"href":"http:\/\/desarrollo.grupomedios.com\/futbol\/wp-json\/wp\/v2\/categories?post=410047"},{"taxonomy":"post_tag","embeddable":true,"href":"http:\/\/desarrollo.grupomedios.com\/futbol\/wp-json\/wp\/v2\/tags?post=410047"}],"curies":[{"name":"wp","href":"https:\/\/api.w.org\/{rel}","templated":true}]}}