{"id":410050,"date":"2016-07-11T09:47:18","date_gmt":"2016-07-11T14:47:18","guid":{"rendered":"http:\/\/www.futboltotal.com.mx\/?p=410050"},"modified":"2016-07-11T09:47:18","modified_gmt":"2016-07-11T14:47:18","slug":"ferguson-ansioso-felicitar-a-cristiano-ronaldo","status":"publish","type":"post","link":"http:\/\/desarrollo.grupomedios.com\/futbol\/videos\/ferguson-ansioso-felicitar-a-cristiano-ronaldo\/2016\/07","title":{"rendered":"Ferguson y Cristiano, \u00a1el abrazo de Par\u00eds!"},"content":{"rendered":"<p>El otrora director t\u00e9cnico del Manchester United, <strong>Sir Alex Ferguson<\/strong>, acudi\u00f3 al Stade de France a presenciar la final de la <a href=\"http:\/\/www.futboltotal.com.mx\/eurocopa-2016\/\" target=\"_blank\"><strong>Eurocopa 2016<\/strong><\/a>, y tras la ceremonia de premiaci\u00f3n, esper\u00f3 a <strong>Cristiano Ronaldo<\/strong>, su ex pupilo, para felicitarlo por la coronaci\u00f3n continental.<\/p>\n<p>La ansiedad de <strong>Alex Ferguson<\/strong>, por ver a <strong>Cristiano Ronaldo<\/strong> era tan grande, que era imposible no notarlo, pero la reacci\u00f3n de CR7 tras el encuentro fue \u00e9pica, pues culmin\u00f3 con un abrazo memorable que trascendi\u00f3 a nivel internacional.<\/p>\n<p style=\"text-align: center;\"><span style=\"color: #3366ff;\"><a style=\"color: #3366ff;\" href=\"http:\/\/www.futboltotal.com.mx\/2016\/07\/11-ideal-la-eurocopa-2016\/\" target=\"_blank\"><strong>LEER M\u00c1S: El 11 ideal de la Euro<\/strong><\/a><\/span><\/p>\n<blockquote class=\"twitter-tweet\" data-lang=\"es\">\n<p dir=\"ltr\" lang=\"es\">La ansiedad de Ferguson por celebrar a su pupilo estelar&#8230; <a href=\"https:\/\/t.co\/GaZeqvf6Ie\">pic.twitter.com\/GaZeqvf6Ie<\/a><\/p>\n<p>\u2014 Aldo Clark (@aldocorp) <a href=\"https:\/\/twitter.com\/aldocorp\/status\/752511591027920901\">11 de julio de 2016<\/a><\/p><\/blockquote>\n<p><script src=\"\/\/platform.twitter.com\/widgets.js\" async=\"\" charset=\"utf-8\"><\/script><\/p>\n","protected":false},"excerpt":{"rendered":"<p>Ferguson acudi\u00f3 a felicitar a Cristiano tras la final<\/p>\n","protected":false},"author":20,"featured_media":410051,"comment_status":"closed","ping_status":"closed","sticky":false,"template":"","format":"standard","meta":[],"categories":[6995,3839,4,7001,6433],"tags":[1550,6013,6152],"_links":{"self":[{"href":"http:\/\/desarrollo.grupomedios.com\/futbol\/wp-json\/wp\/v2\/posts\/410050"}],"collection":[{"href":"http:\/\/desarrollo.grupomedios.com\/futbol\/wp-json\/wp\/v2\/posts"}],"about":[{"href":"http:\/\/desarrollo.grupomedios.com\/futbol\/wp-json\/wp\/v2\/types\/post"}],"author":[{"embeddable":true,"href":"http:\/\/desarrollo.grupomedios.com\/futbol\/wp-json\/wp\/v2\/users\/20"}],"replies":[{"embeddable":true,"href":"http:\/\/desarrollo.grupomedios.com\/futbol\/wp-json\/wp\/v2\/comments?post=410050"}],"version-history":[{"count":0,"href":"http:\/\/desarrollo.grupomedios.com\/futbol\/wp-json\/wp\/v2\/posts\/410050\/revisions"}],"wp:featuredmedia":[{"embeddable":true,"href":"http:\/\/desarrollo.grupomedios.com\/futbol\/wp-json\/wp\/v2\/media\/410051"}],"wp:attachment":[{"href":"http:\/\/desarrollo.grupomedios.com\/futbol\/wp-json\/wp\/v2\/media?parent=410050"}],"wp:term":[{"taxonomy":"category","embeddable":true,"href":"http:\/\/desarrollo.grupomedios.com\/futbol\/wp-json\/wp\/v2\/categories?post=410050"},{"taxonomy":"post_tag","embeddable":true,"href":"http:\/\/desarrollo.grupomedios.com\/futbol\/wp-json\/wp\/v2\/tags?post=410050"}],"curies":[{"name":"wp","href":"https:\/\/api.w.org\/{rel}","templated":true}]}}