{"id":410056,"date":"2016-07-11T10:15:08","date_gmt":"2016-07-11T15:15:08","guid":{"rendered":"http:\/\/www.futboltotal.com.mx\/?p=410056"},"modified":"2016-07-11T10:15:08","modified_gmt":"2016-07-11T15:15:08","slug":"nino-portugues-consuela-a-aficionado-frances-final-eurocopa","status":"publish","type":"post","link":"http:\/\/desarrollo.grupomedios.com\/futbol\/videos\/nino-portugues-consuela-a-aficionado-frances-final-eurocopa\/2016\/07","title":{"rendered":"Conmovedor gesto de ni\u00f1o portugu\u00e9s en la Euro"},"content":{"rendered":"<p>Muchas im\u00e1genes han dado la vuelta al mundo tras la final de la <a href=\"http:\/\/www.futboltotal.com.mx\/eurocopa-2016\/\" target=\"_blank\"><strong>Eurocopa 2016<\/strong><\/a>, por los r\u00e9cords, los momentos inesperados o lo que ocurri\u00f3 fuera de la cancha, entre los protagonistas del deporte m\u00e1s popular del planeta. Pero hay ocasiones en que los aficionados, son los que acaparan las mirada, como un ni\u00f1o portugu\u00e9s, que acudi\u00f3 a consolar a un aficionado de Francia, que se encontraba desconsolado por la derrota del anfitri\u00f3n.<\/p>\n<p style=\"text-align: center;\"><span style=\"color: #3366ff;\"><a style=\"color: #3366ff;\" href=\"http:\/\/www.futboltotal.com.mx\/2016\/07\/ferguson-ansioso-felicitar-a-cristiano-ronaldo\/\" target=\"_blank\"><strong>LEER M\u00c1S: Cristiano y Ferguson \u00a1El abrazo de Par\u00eds!<\/strong><\/a><\/span><\/p>\n<p><iframe loading=\"lazy\" src=\"https:\/\/www.youtube.com\/embed\/YhbRspPILoo\" frameborder=\"0\" allowfullscreen=\"allowfullscreen\"><\/iframe><\/p>\n","protected":false},"excerpt":{"rendered":"<p>Ni\u00f1o luso consuela a aficionado franc\u00e9s tras la final<\/p>\n","protected":false},"author":20,"featured_media":410057,"comment_status":"closed","ping_status":"closed","sticky":false,"template":"","format":"standard","meta":[],"categories":[5419,6995,3839,4,7001],"tags":[6152],"_links":{"self":[{"href":"http:\/\/desarrollo.grupomedios.com\/futbol\/wp-json\/wp\/v2\/posts\/410056"}],"collection":[{"href":"http:\/\/desarrollo.grupomedios.com\/futbol\/wp-json\/wp\/v2\/posts"}],"about":[{"href":"http:\/\/desarrollo.grupomedios.com\/futbol\/wp-json\/wp\/v2\/types\/post"}],"author":[{"embeddable":true,"href":"http:\/\/desarrollo.grupomedios.com\/futbol\/wp-json\/wp\/v2\/users\/20"}],"replies":[{"embeddable":true,"href":"http:\/\/desarrollo.grupomedios.com\/futbol\/wp-json\/wp\/v2\/comments?post=410056"}],"version-history":[{"count":0,"href":"http:\/\/desarrollo.grupomedios.com\/futbol\/wp-json\/wp\/v2\/posts\/410056\/revisions"}],"wp:featuredmedia":[{"embeddable":true,"href":"http:\/\/desarrollo.grupomedios.com\/futbol\/wp-json\/wp\/v2\/media\/410057"}],"wp:attachment":[{"href":"http:\/\/desarrollo.grupomedios.com\/futbol\/wp-json\/wp\/v2\/media?parent=410056"}],"wp:term":[{"taxonomy":"category","embeddable":true,"href":"http:\/\/desarrollo.grupomedios.com\/futbol\/wp-json\/wp\/v2\/categories?post=410056"},{"taxonomy":"post_tag","embeddable":true,"href":"http:\/\/desarrollo.grupomedios.com\/futbol\/wp-json\/wp\/v2\/tags?post=410056"}],"curies":[{"name":"wp","href":"https:\/\/api.w.org\/{rel}","templated":true}]}}