{"id":410086,"date":"2016-07-11T13:07:22","date_gmt":"2016-07-11T18:07:22","guid":{"rendered":"http:\/\/www.futboltotal.com.mx\/?p=410086"},"modified":"2016-07-11T15:42:51","modified_gmt":"2016-07-11T20:42:51","slug":"gignac-sale-tigres-propone-reemplazo","status":"publish","type":"post","link":"http:\/\/desarrollo.grupomedios.com\/futbol\/futbol-mexicano\/gignac-sale-tigres-propone-reemplazo\/2016\/07","title":{"rendered":"\u00bfGignac sale de Tigres?"},"content":{"rendered":"<p><strong>Andr\u00e9-Pierre Gignac<\/strong>, delantero de los\u00a0<strong><a href=\"http:\/\/www.futboltotal.com.mx\/equipos\/tigres\/\" target=\"_blank\">Tigres<\/a><\/strong><a href=\"http:\/\/www.futboltotal.com.mx\/equipos\/tigres\/\" target=\"_blank\"> de la UANL<\/a><strong>\u00a0<\/strong>y de la selecci\u00f3n de Francia, podr\u00eda dejar la Liga MX\u00a0en el presente mercado de fichajes. En ese sentido, medios\u00a0franceses\u00a0apuntan que\u00a0el atacante\u00a0siente deseos de volver al futbol de Europa\u00a0o incluso probar suerte en otro\u00a0continente.<\/p>\n<p>El portal <em>France Football<\/em>\u00a0asegura que <strong>Andr\u00e9-Pierre Gignac<\/strong> quiere volver a su tierra, al tiempo que informa que\u00a0ya habr\u00eda dialogado con la directiva de Tigres para que el club le permita salir. Pero\u00a0adem\u00e1s, se destaca que el delantero franc\u00e9s propone a su\u00a0reemplazo.<\/p>\n<p style=\"text-align: center;\"><span style=\"color: #3366ff;\"><a style=\"color: #3366ff;\" href=\"http:\/\/www.futboltotal.com.mx\/2016\/07\/gignac-cerca-del-gol-del-campeonato\/\" target=\"_blank\"><strong>LEER M\u00c1S: Gignac, tan cerca del gol del campeonato<\/strong><\/a><\/span><\/p>\n<p>&#8220;<strong>Andr\u00e9-Pierre Gignac<\/strong>\u00a0planea regresar a Europa, o incluso descubrir otro continente, es lo que ha informado a los dirigentes de\u00a0<strong>Tigres<\/strong>, e incluso les ofreci\u00f3 el nombre de un posible sucesor:\u00a0su compatriota Andy Delort&#8221;,\u00a0inform\u00f3\u00a0el sitio franc\u00e9s.<\/p>\n<p>Anteriormente, hab\u00eda surgido el rumor de que Andy Delort, jugador del SM Caen, era buscado por\u00a0<strong>Tigres<\/strong>\u00a0para acompa\u00f1ar a <strong>Gignac<\/strong> en la delantera <em>felina<\/em>; sin embargo, la informaci\u00f3n que manejan los medios franceses actualmente, indica que el fichaje ser\u00eda para suplir la salida del\u00a0<em>10 galo<\/em>.<\/p>\n<blockquote class=\"twitter-tweet\" data-lang=\"es\">\n<p dir=\"ltr\" lang=\"es\">\u00a1Ya somos Campe\u00f3n de Campeones! <a href=\"https:\/\/twitter.com\/hashtag\/VamosTigres?src=hash\">#VamosTigres<\/a> <a href=\"https:\/\/twitter.com\/hashtag\/AhoraPorLaLiga?src=hash\">#AhoraPorLaLiga<\/a> <a href=\"https:\/\/t.co\/WOUbKYmYCG\">pic.twitter.com\/WOUbKYmYCG<\/a><\/p>\n<p>\u2014 CLUB TIGRES OFICIAL (@TigresOficial) <a href=\"https:\/\/twitter.com\/TigresOficial\/status\/752337552850362368\">11 de julio de 2016<\/a><\/p><\/blockquote>\n<p><script src=\"\/\/platform.twitter.com\/widgets.js\" async=\"\" charset=\"utf-8\"><\/script><\/p>\n<p><strong>Andr\u00e9-Pierre Gignac<\/strong> tuvo un buen a\u00f1o con <strong>Tigres<\/strong>, donde conquist\u00f3 un campeonato de Liga MX y un t\u00edtulo de goleo, pero no pudo cerrar la temporada como hubiese querido, pues no anot\u00f3 en la Eurocopa 2016.<\/p>\n<p>La directiva de <strong>Tigres<\/strong> ha hecho grandes esfuerzos durante el verano para armar un equipo de mucho potencial, pero nunca se habl\u00f3 de la salida de su principal referente de ataque, lo cual, de confirmarse, representar\u00eda una baja importante, que apenas se compensar\u00eda con la llegada de Ismael Sosa.<\/p>\n","protected":false},"excerpt":{"rendered":"<p>Trasciende que el delantero franc\u00e9s recomienda a su sucesor<\/p>\n","protected":false},"author":20,"featured_media":410088,"comment_status":"closed","ping_status":"closed","sticky":false,"template":"","format":"standard","meta":[],"categories":[2198,3845,5950],"tags":[5564,5973],"_links":{"self":[{"href":"http:\/\/desarrollo.grupomedios.com\/futbol\/wp-json\/wp\/v2\/posts\/410086"}],"collection":[{"href":"http:\/\/desarrollo.grupomedios.com\/futbol\/wp-json\/wp\/v2\/posts"}],"about":[{"href":"http:\/\/desarrollo.grupomedios.com\/futbol\/wp-json\/wp\/v2\/types\/post"}],"author":[{"embeddable":true,"href":"http:\/\/desarrollo.grupomedios.com\/futbol\/wp-json\/wp\/v2\/users\/20"}],"replies":[{"embeddable":true,"href":"http:\/\/desarrollo.grupomedios.com\/futbol\/wp-json\/wp\/v2\/comments?post=410086"}],"version-history":[{"count":0,"href":"http:\/\/desarrollo.grupomedios.com\/futbol\/wp-json\/wp\/v2\/posts\/410086\/revisions"}],"wp:featuredmedia":[{"embeddable":true,"href":"http:\/\/desarrollo.grupomedios.com\/futbol\/wp-json\/wp\/v2\/media\/410088"}],"wp:attachment":[{"href":"http:\/\/desarrollo.grupomedios.com\/futbol\/wp-json\/wp\/v2\/media?parent=410086"}],"wp:term":[{"taxonomy":"category","embeddable":true,"href":"http:\/\/desarrollo.grupomedios.com\/futbol\/wp-json\/wp\/v2\/categories?post=410086"},{"taxonomy":"post_tag","embeddable":true,"href":"http:\/\/desarrollo.grupomedios.com\/futbol\/wp-json\/wp\/v2\/tags?post=410086"}],"curies":[{"name":"wp","href":"https:\/\/api.w.org\/{rel}","templated":true}]}}