{"id":410093,"date":"2016-07-11T13:52:23","date_gmt":"2016-07-11T18:52:23","guid":{"rendered":"http:\/\/www.futboltotal.com.mx\/?p=410093"},"modified":"2016-07-11T13:53:03","modified_gmt":"2016-07-11T18:53:03","slug":"antonio-pedroza-nuevo-refuerzo-del-toluca","status":"publish","type":"post","link":"http:\/\/desarrollo.grupomedios.com\/futbol\/futbol-mexicano\/antonio-pedroza-nuevo-refuerzo-del-toluca\/2016\/07","title":{"rendered":"&#8216;Rooney&#8217; llega al Toluca"},"content":{"rendered":"<p>Este lunes 11 de julio, <a href=\"http:\/\/www.futboltotal.com.mx\/equipos\/toluca\/\" target=\"_blank\"><strong>Toluca<\/strong><\/a> hizo oficial la repatriaci\u00f3n de un mexicano, se trata del futbolista nacido en Inglaterra, pero de ascendencia <em>azteca<\/em>, <strong>Antonio Pedroza<\/strong>, que se encontraba jugando en Costa Rica, pero que ahora llega a las filas de los<em> Diablos<\/em>, para nutrir el plantel de Hern\u00e1n Cristiante.<\/p>\n<p><strong>Antonio Pedroza<\/strong>, ex de Chiapas, lleg\u00f3 a jugar en el Crystal Palace de la Premier League, pero sin lograr destacar, por lo que regres\u00f3 a M\u00e9xico, donde tampoco logr\u00f3 despuntar, por eso a fines de 2015 abandon\u00f3 las filas del Cruz Azul, para partir a Costa Rica e integrarse al Herediano.<\/p>\n<p style=\"text-align: center;\"><span style=\"color: #3366ff;\"><a style=\"color: #3366ff;\" href=\"http:\/\/www.futboltotal.com.mx\/2016\/07\/resultado-campeon-campeones-liga-mx-tigres-1-0-pachuca\/\" target=\"_blank\"><strong>LEER M\u00c1S: Liga MX ya tiene al Campe\u00f3n de Campeones<\/strong><\/a><\/span><\/p>\n<p>A trav\u00e9s de Twitter, el <em>Rooney<\/em> Pedroza, fue anunciado como refuerzo del <strong>Toluca<\/strong>, en fechas extraoficiales para registrar jugadores de Liga MX. El mexico-ingl\u00e9s no s\u00f3lo fue presentado como nuevo jugador de los <em>Diablos<\/em>, sino que ya se integr\u00f3 a los entrenamientos del equipo, rumbo al Apertura 2016.<\/p>\n<blockquote class=\"twitter-tweet\" data-lang=\"es\">\n<p dir=\"ltr\" lang=\"es\">\u00a1Damos la bienvenida a Antonio Pedroza, nuestro <a href=\"https:\/\/twitter.com\/hashtag\/RefuerzoDiablo?src=hash\">#RefuerzoDiablo<\/a>! <a href=\"https:\/\/twitter.com\/hashtag\/SomosDiablos?src=hash\">#SomosDiablos<\/a> <a href=\"https:\/\/twitter.com\/hashtag\/SomosRojos?src=hash\">#SomosRojos<\/a> <a href=\"https:\/\/twitter.com\/hashtag\/SomosGanadores?src=hash\">#SomosGanadores<\/a> <a href=\"https:\/\/t.co\/LQj35ZNcFy\">pic.twitter.com\/LQj35ZNcFy<\/a><\/p>\n<p>\u2014 Toluca FC (@TolucaFC) <a href=\"https:\/\/twitter.com\/TolucaFC\/status\/752529548961521664\">11 de julio de 2016<\/a><\/p><\/blockquote>\n<p><script src=\"\/\/platform.twitter.com\/widgets.js\" async=\"\" charset=\"utf-8\"><\/script><\/p>\n<blockquote class=\"twitter-tweet\" data-lang=\"es\"><p>\nDe esta forma nuestros jugadores dieron la bienvenida a Antonio Pedroza. <a href=\"https:\/\/t.co\/zbMgE9nSOO\">pic.twitter.com\/zbMgE9nSOO<\/a><\/p>\n<p>\u2014 Toluca FC (@TolucaFC) <a href=\"https:\/\/twitter.com\/TolucaFC\/status\/752552540642869248\">11 de julio de 2016 <\/a>\n<\/p><\/blockquote>\n<p><script src=\"\/\/platform.twitter.com\/widgets.js\" async=\"\" charset=\"utf-8\"><\/script><\/p>\n","protected":false},"excerpt":{"rendered":"<p>Los Diablos fichan al mexico-ingl\u00e9s, Antonio Pedroza<\/p>\n","protected":false},"author":20,"featured_media":410094,"comment_status":"closed","ping_status":"closed","sticky":false,"template":"","format":"standard","meta":[],"categories":[2198,3845,5950],"tags":[5975],"_links":{"self":[{"href":"http:\/\/desarrollo.grupomedios.com\/futbol\/wp-json\/wp\/v2\/posts\/410093"}],"collection":[{"href":"http:\/\/desarrollo.grupomedios.com\/futbol\/wp-json\/wp\/v2\/posts"}],"about":[{"href":"http:\/\/desarrollo.grupomedios.com\/futbol\/wp-json\/wp\/v2\/types\/post"}],"author":[{"embeddable":true,"href":"http:\/\/desarrollo.grupomedios.com\/futbol\/wp-json\/wp\/v2\/users\/20"}],"replies":[{"embeddable":true,"href":"http:\/\/desarrollo.grupomedios.com\/futbol\/wp-json\/wp\/v2\/comments?post=410093"}],"version-history":[{"count":0,"href":"http:\/\/desarrollo.grupomedios.com\/futbol\/wp-json\/wp\/v2\/posts\/410093\/revisions"}],"wp:featuredmedia":[{"embeddable":true,"href":"http:\/\/desarrollo.grupomedios.com\/futbol\/wp-json\/wp\/v2\/media\/410094"}],"wp:attachment":[{"href":"http:\/\/desarrollo.grupomedios.com\/futbol\/wp-json\/wp\/v2\/media?parent=410093"}],"wp:term":[{"taxonomy":"category","embeddable":true,"href":"http:\/\/desarrollo.grupomedios.com\/futbol\/wp-json\/wp\/v2\/categories?post=410093"},{"taxonomy":"post_tag","embeddable":true,"href":"http:\/\/desarrollo.grupomedios.com\/futbol\/wp-json\/wp\/v2\/tags?post=410093"}],"curies":[{"name":"wp","href":"https:\/\/api.w.org\/{rel}","templated":true}]}}