{"id":410097,"date":"2016-07-11T16:09:48","date_gmt":"2016-07-11T21:09:48","guid":{"rendered":"http:\/\/www.futboltotal.com.mx\/?p=410097"},"modified":"2016-07-11T16:16:36","modified_gmt":"2016-07-11T21:16:36","slug":"cristiano-celebra-tradicional-grito-en-portugal","status":"publish","type":"post","link":"http:\/\/desarrollo.grupomedios.com\/futbol\/videos\/cristiano-celebra-tradicional-grito-en-portugal\/2016\/07","title":{"rendered":"Cristiano celebra la Euro con tradicional grito"},"content":{"rendered":"<p>Miles de aficionados recorrieron las principales calles y avenidas de <strong>Portugal<\/strong> para celebrar junto a la selecci\u00f3n <em>lusa<\/em> la conquista de la <strong>Eurocopa 2016<\/strong>. Fue este lunes cuando tuvo lugar la ola de festejos \u00a0y donde los pupilos de Fernando Santos fueron los grandes protagonistas. Y como era de esperarse, el capit\u00e1n <strong>Cristiano Ronaldo<\/strong> rob\u00f3 c\u00e1mara tras repetir su tradicional grito &#8220;\u00a1Siiiiiiiiiiiiiiiii!&#8221; y agradecer a la afici\u00f3n por el apoyo y, principalmente, por haber cre\u00eddo en que ganar el t\u00edtulo era posible.<\/p>\n<p style=\"text-align: center;\"><a href=\"http:\/\/www.futboltotal.com.mx\/2016\/07\/impresionante-motivacion-cristiano\/\"><span style=\"color: #3366ff;\"><strong>LEER M\u00c1S: Cristiano se convierte DT de Portugal en la Euro<\/strong><\/span><\/a><\/p>\n<p><iframe loading=\"lazy\" src=\"https:\/\/www.youtube.com\/embed\/nFZ_fOLcgbA\" frameborder=\"0\" allowfullscreen=\"allowfullscreen\"><\/iframe><\/p>\n","protected":false},"excerpt":{"rendered":"<p>El delantero portugu\u00e9s dedic\u00f3 el t\u00edtulo a los seguidores del conjunto luso <\/p>\n","protected":false},"author":20,"featured_media":410114,"comment_status":"closed","ping_status":"closed","sticky":false,"template":"","format":"standard","meta":[],"categories":[6995,3839,4],"tags":[6013,6152],"_links":{"self":[{"href":"http:\/\/desarrollo.grupomedios.com\/futbol\/wp-json\/wp\/v2\/posts\/410097"}],"collection":[{"href":"http:\/\/desarrollo.grupomedios.com\/futbol\/wp-json\/wp\/v2\/posts"}],"about":[{"href":"http:\/\/desarrollo.grupomedios.com\/futbol\/wp-json\/wp\/v2\/types\/post"}],"author":[{"embeddable":true,"href":"http:\/\/desarrollo.grupomedios.com\/futbol\/wp-json\/wp\/v2\/users\/20"}],"replies":[{"embeddable":true,"href":"http:\/\/desarrollo.grupomedios.com\/futbol\/wp-json\/wp\/v2\/comments?post=410097"}],"version-history":[{"count":0,"href":"http:\/\/desarrollo.grupomedios.com\/futbol\/wp-json\/wp\/v2\/posts\/410097\/revisions"}],"wp:featuredmedia":[{"embeddable":true,"href":"http:\/\/desarrollo.grupomedios.com\/futbol\/wp-json\/wp\/v2\/media\/410114"}],"wp:attachment":[{"href":"http:\/\/desarrollo.grupomedios.com\/futbol\/wp-json\/wp\/v2\/media?parent=410097"}],"wp:term":[{"taxonomy":"category","embeddable":true,"href":"http:\/\/desarrollo.grupomedios.com\/futbol\/wp-json\/wp\/v2\/categories?post=410097"},{"taxonomy":"post_tag","embeddable":true,"href":"http:\/\/desarrollo.grupomedios.com\/futbol\/wp-json\/wp\/v2\/tags?post=410097"}],"curies":[{"name":"wp","href":"https:\/\/api.w.org\/{rel}","templated":true}]}}