{"id":410104,"date":"2016-07-11T15:42:29","date_gmt":"2016-07-11T20:42:29","guid":{"rendered":"http:\/\/www.futboltotal.com.mx\/?p=410104"},"modified":"2016-07-11T15:52:04","modified_gmt":"2016-07-11T20:52:04","slug":"andre-pierre-gignac-desmiente-salir-tigres","status":"publish","type":"post","link":"http:\/\/desarrollo.grupomedios.com\/futbol\/destacado-home\/andre-pierre-gignac-desmiente-salir-tigres\/2016\/07","title":{"rendered":"\u00a1Gignac se aferra a Tigres!"},"content":{"rendered":"<p>Tras finalizar la <a href=\"http:\/\/www.futboltotal.com.mx\/eurocopa-2016\/\" target=\"_blank\"><strong>Eurocopa 2016<\/strong><\/a>, en Francia surgi\u00f3 un rumor sobre la posible salida de <strong>Andr\u00e9-Pierre Gignac<\/strong> de los <a href=\"http:\/\/www.futboltotal.com.mx\/equipos\/tigres\/\" target=\"_blank\"><strong>Tigres<\/strong><\/a>, por decisi\u00f3n del propio futbolista; no obstante, luego de unas horas en que esa posibilidad le dio la vuelta al mundo, el delantero public\u00f3 un mensaje, que parece desmentir.<\/p>\n<p>Un portal franc\u00e9s, divulg\u00f3 que <strong>Andr\u00e9-Pierre Gignac<\/strong> saldr\u00eda de <strong>Tigres<\/strong> y que ya habr\u00eda recomendado a alguien para que tomara su lugar en el conjunto<em> felino<\/em>; situaci\u00f3n que retom\u00f3 la prensa nacional, ya que el supuesto recomendado de <em>Ded\u00e9<\/em>, ya estaba en la mira de los de la UANL.<\/p>\n<p style=\"text-align: center;\"><span style=\"color: #3366ff;\"><a style=\"color: #3366ff;\" href=\"http:\/\/www.futboltotal.com.mx\/2016\/07\/gignac-sale-tigres-propone-reemplazo\/\" target=\"_blank\"><strong>LEER M\u00c1S: Gignac saldr\u00eda de Tigres<\/strong><\/a><\/span><\/p>\n<p>Pero ya que <strong>Gignac<\/strong> suele atender a la afici\u00f3n <em>felina<\/em> a trav\u00e9s de sus redes sociales, decidi\u00f3 calmar a los aficionados <em>regiomontanos<\/em>, y a la prensa internacional, con un contundente mensaje en su cuenta de Twitter, en el que promete regresar a la tierra que lo enamor\u00f3.<\/p>\n<blockquote class=\"twitter-tweet\" data-lang=\"es\">\n<p dir=\"ltr\" lang=\"es\"><a href=\"https:\/\/twitter.com\/hashtag\/UnTigreNuncaDejaSoloAOtroTigre?src=hash\">#UnTigreNuncaDejaSoloAOtroTigre<\/a> Nos vemos pronto<\/p>\n<p>\u2014 Gignac Andre-pierre (@10APG) <a href=\"https:\/\/twitter.com\/10APG\/status\/752594805419565056\">11 de julio de 2016<\/a><\/p><\/blockquote>\n<p><script src=\"\/\/platform.twitter.com\/widgets.js\" async=\"\" charset=\"utf-8\"><\/script><\/p>\n<p>Apenas el fin de semana, un d\u00eda antes de jugar la final de la Eurocopa, <strong>Andr\u00e9-Pierre Gignac<\/strong> result\u00f3 el gran ganador de los Premios del Bal\u00f3n de Oro, pues fue galardonado como el mejor jugador del a\u00f1o futbol\u00edstico 2015-16. Adem\u00e1s, su equipo conquist\u00f3 el duelo de Campe\u00f3n de Campeones de la Liga MX, tras imponerse al Pachuca, por marcador de 1-0.<\/p>\n","protected":false},"excerpt":{"rendered":"<p>El delantero parece desmentir rumores sobre su salida<\/p>\n","protected":false},"author":20,"featured_media":410106,"comment_status":"closed","ping_status":"closed","sticky":false,"template":"","format":"standard","meta":[],"categories":[5,3839,2198,3845],"tags":[5564,5973],"_links":{"self":[{"href":"http:\/\/desarrollo.grupomedios.com\/futbol\/wp-json\/wp\/v2\/posts\/410104"}],"collection":[{"href":"http:\/\/desarrollo.grupomedios.com\/futbol\/wp-json\/wp\/v2\/posts"}],"about":[{"href":"http:\/\/desarrollo.grupomedios.com\/futbol\/wp-json\/wp\/v2\/types\/post"}],"author":[{"embeddable":true,"href":"http:\/\/desarrollo.grupomedios.com\/futbol\/wp-json\/wp\/v2\/users\/20"}],"replies":[{"embeddable":true,"href":"http:\/\/desarrollo.grupomedios.com\/futbol\/wp-json\/wp\/v2\/comments?post=410104"}],"version-history":[{"count":0,"href":"http:\/\/desarrollo.grupomedios.com\/futbol\/wp-json\/wp\/v2\/posts\/410104\/revisions"}],"wp:featuredmedia":[{"embeddable":true,"href":"http:\/\/desarrollo.grupomedios.com\/futbol\/wp-json\/wp\/v2\/media\/410106"}],"wp:attachment":[{"href":"http:\/\/desarrollo.grupomedios.com\/futbol\/wp-json\/wp\/v2\/media?parent=410104"}],"wp:term":[{"taxonomy":"category","embeddable":true,"href":"http:\/\/desarrollo.grupomedios.com\/futbol\/wp-json\/wp\/v2\/categories?post=410104"},{"taxonomy":"post_tag","embeddable":true,"href":"http:\/\/desarrollo.grupomedios.com\/futbol\/wp-json\/wp\/v2\/tags?post=410104"}],"curies":[{"name":"wp","href":"https:\/\/api.w.org\/{rel}","templated":true}]}}