{"id":410172,"date":"2016-07-11T21:02:39","date_gmt":"2016-07-12T02:02:39","guid":{"rendered":"http:\/\/www.futboltotal.com.mx\/?p=410172"},"modified":"2016-07-11T21:25:34","modified_gmt":"2016-07-12T02:25:34","slug":"douglas-costa-dice-adios-a-juegos-olimpicos","status":"publish","type":"post","link":"http:\/\/desarrollo.grupomedios.com\/futbol\/futbol-internacional\/douglas-costa-dice-adios-a-juegos-olimpicos\/2016\/07","title":{"rendered":"Douglas Costa dice adi\u00f3s a Juegos Ol\u00edmpicos"},"content":{"rendered":"<p>El <strong>Bayern de M\u00fanich<\/strong> ha comunicado a la selecci\u00f3n brasile\u00f1a que el volante <strong>Douglas Costa<\/strong> no se ha recuperado de una lesi\u00f3n que le aqueja en un muslo, por lo que no participar\u00e1 en los <strong>Juegos Ol\u00edmpicos<\/strong> de R\u00edo de Janeiro.<\/p>\n<p>El club b\u00e1varo indic\u00f3 que el internacional brasile\u00f1o se someti\u00f3 el d\u00eda de hoy al reconocimiento m\u00e9dico por parte de los especialistas del Bayern y comenzar\u00e1 su fase de recuperaci\u00f3n durante las pr\u00f3ximas semanas en la ciudad de M\u00fanich.<\/p>\n<p style=\"text-align: center;\"><a href=\"http:\/\/www.futboltotal.com.mx\/2016\/06\/neymar-lidera-convocatoria-brasil-jo\/\"><span style=\"color: #3366ff;\"><strong>LEER M\u00c1S: Lista de convocados de Brasil para JO\u00a0<\/strong><\/span><\/a><\/p>\n<p>&#8220;Lo siento mucho, todos esper\u00e1bamos que Douglas participara en los Juegos Ol\u00edmpicos en su pa\u00eds, pero la salud del jugador es m\u00e1s importante&#8221;, afirm\u00f3 el directivo del Bayern, Karl-Heinz Rummenigge, ante la situaci\u00f3n del jugador de 25 a\u00f1os.<\/p>\n<p><strong>Douglas Costa<\/strong>, junto al portero Fernando Prass y Neymar formaba parte del grupo de tres jugadores con m\u00e1s de 23 a\u00f1os permitido en la lista de los equipos ol\u00edmpicos de f\u00fatbol para el certamen que se llevar\u00e1 a cabo del 5 al 21 de agosto.<\/p>\n","protected":false},"excerpt":{"rendered":"<p>Brasil, anfitri\u00f3n de la justa, no podr\u00e1 contar con el atacante del Bayern M\u00fanich<\/p>\n","protected":false},"author":20,"featured_media":410174,"comment_status":"closed","ping_status":"closed","sticky":false,"template":"","format":"standard","meta":[],"categories":[3839,7186,7182,5951],"tags":[6009,5622,1911],"_links":{"self":[{"href":"http:\/\/desarrollo.grupomedios.com\/futbol\/wp-json\/wp\/v2\/posts\/410172"}],"collection":[{"href":"http:\/\/desarrollo.grupomedios.com\/futbol\/wp-json\/wp\/v2\/posts"}],"about":[{"href":"http:\/\/desarrollo.grupomedios.com\/futbol\/wp-json\/wp\/v2\/types\/post"}],"author":[{"embeddable":true,"href":"http:\/\/desarrollo.grupomedios.com\/futbol\/wp-json\/wp\/v2\/users\/20"}],"replies":[{"embeddable":true,"href":"http:\/\/desarrollo.grupomedios.com\/futbol\/wp-json\/wp\/v2\/comments?post=410172"}],"version-history":[{"count":0,"href":"http:\/\/desarrollo.grupomedios.com\/futbol\/wp-json\/wp\/v2\/posts\/410172\/revisions"}],"wp:featuredmedia":[{"embeddable":true,"href":"http:\/\/desarrollo.grupomedios.com\/futbol\/wp-json\/wp\/v2\/media\/410174"}],"wp:attachment":[{"href":"http:\/\/desarrollo.grupomedios.com\/futbol\/wp-json\/wp\/v2\/media?parent=410172"}],"wp:term":[{"taxonomy":"category","embeddable":true,"href":"http:\/\/desarrollo.grupomedios.com\/futbol\/wp-json\/wp\/v2\/categories?post=410172"},{"taxonomy":"post_tag","embeddable":true,"href":"http:\/\/desarrollo.grupomedios.com\/futbol\/wp-json\/wp\/v2\/tags?post=410172"}],"curies":[{"name":"wp","href":"https:\/\/api.w.org\/{rel}","templated":true}]}}