{"id":410198,"date":"2016-07-12T09:39:03","date_gmt":"2016-07-12T14:39:03","guid":{"rendered":"http:\/\/www.futboltotal.com.mx\/?p=410198"},"modified":"2016-07-12T10:05:03","modified_gmt":"2016-07-12T15:05:03","slug":"filtran-la-nueva-playera-cruz-azul","status":"publish","type":"post","link":"http:\/\/desarrollo.grupomedios.com\/futbol\/futbol-mexicano\/filtran-la-nueva-playera-cruz-azul\/2016\/07","title":{"rendered":"Filtran la nueva playera de Cruz Azul"},"content":{"rendered":"<p>Como es costumbre previo al inicio del a\u00f1o futbol\u00edstico, en redes sociales se comienzan a filtrar los uniformes que portar\u00e1n los distintos clubes durante la temporada, y <a href=\"http:\/\/www.futboltotal.com.mx\/equipos\/cruz-azul\/\" target=\"_blank\"><strong>Cruz Azul<\/strong><\/a> es uno de los equipos, que m\u00e1s suelen madrugar con su nuevo jersey. Esta vez no fue la excepci\u00f3n, pues ya circula la nueva piel de la <em>M\u00e1quina<\/em>.<\/p>\n<p><strong>Cruz Azul<\/strong> dar\u00eda a conocer su nuevo uniforme el pr\u00f3ximo mi\u00e9rcoles 13 de julio, dos d\u00edas antes del arranque del Apertura 2016, pero, antes de la presentaci\u00f3n oficial, ya circula el que parece ser el jersey oficial para la temporada 2016-17. Los cementeros respetar\u00edan los colores del club, adem\u00e1s de tener un dise\u00f1o con cierto gui\u00f1o a camisetas anteriores.<\/p>\n<p style=\"text-align: center;\"><span style=\"color: #3366ff;\"><a style=\"color: #3366ff;\" href=\"http:\/\/www.futboltotal.com.mx\/2016\/06\/calendarios-personalizados-apertura-2016\/\" target=\"_blank\"><strong>LEER M\u00c1S: El camino del Cruz Azul, en el Apertura 2016<\/strong><\/a><\/span><\/p>\n<p><a href=\"http:\/\/www.futboltotal.com.mx\/wp-content\/uploads\/2016\/07\/jersey-cruz-azul.jpg\"><img decoding=\"async\" loading=\"lazy\" class=\"alignnone size-full wp-image-410199\" src=\"http:\/\/www.futboltotal.com.mx\/wp-content\/uploads\/2016\/07\/jersey-cruz-azul.jpg\" alt=\"jersey-cruz-azul\" srcset=\"http:\/\/desarrollo.grupomedios.com\/futbol\/wp-content\/uploads\/2016\/07\/jersey-cruz-azul.jpg 858w, http:\/\/desarrollo.grupomedios.com\/futbol\/wp-content\/uploads\/2016\/07\/jersey-cruz-azul-300x151.jpg 300w, http:\/\/desarrollo.grupomedios.com\/futbol\/wp-content\/uploads\/2016\/07\/jersey-cruz-azul-768x386.jpg 768w, http:\/\/desarrollo.grupomedios.com\/futbol\/wp-content\/uploads\/2016\/07\/jersey-cruz-azul-340x171.jpg 340w\" sizes=\"(max-width: 858px) 100vw, 858px\" \/><\/a><\/p>\n<p>La <em>M\u00e1quina<\/em> inicia su camino en la Liga MX como visitante, en Aguascalientes, donde se medir\u00e1 al reci\u00e9n ascendido Necaxa para darle la bienvenida tras cinco a\u00f1os de ausencia de la Primera Divisi\u00f3n.<\/p>\n","protected":false},"excerpt":{"rendered":"<p>La M\u00e1quina presentar\u00eda el jersey el 13 de julio<\/p>\n","protected":false},"author":20,"featured_media":410200,"comment_status":"closed","ping_status":"closed","sticky":false,"template":"","format":"standard","meta":[],"categories":[2198,3845,5950],"tags":[5962],"_links":{"self":[{"href":"http:\/\/desarrollo.grupomedios.com\/futbol\/wp-json\/wp\/v2\/posts\/410198"}],"collection":[{"href":"http:\/\/desarrollo.grupomedios.com\/futbol\/wp-json\/wp\/v2\/posts"}],"about":[{"href":"http:\/\/desarrollo.grupomedios.com\/futbol\/wp-json\/wp\/v2\/types\/post"}],"author":[{"embeddable":true,"href":"http:\/\/desarrollo.grupomedios.com\/futbol\/wp-json\/wp\/v2\/users\/20"}],"replies":[{"embeddable":true,"href":"http:\/\/desarrollo.grupomedios.com\/futbol\/wp-json\/wp\/v2\/comments?post=410198"}],"version-history":[{"count":0,"href":"http:\/\/desarrollo.grupomedios.com\/futbol\/wp-json\/wp\/v2\/posts\/410198\/revisions"}],"wp:featuredmedia":[{"embeddable":true,"href":"http:\/\/desarrollo.grupomedios.com\/futbol\/wp-json\/wp\/v2\/media\/410200"}],"wp:attachment":[{"href":"http:\/\/desarrollo.grupomedios.com\/futbol\/wp-json\/wp\/v2\/media?parent=410198"}],"wp:term":[{"taxonomy":"category","embeddable":true,"href":"http:\/\/desarrollo.grupomedios.com\/futbol\/wp-json\/wp\/v2\/categories?post=410198"},{"taxonomy":"post_tag","embeddable":true,"href":"http:\/\/desarrollo.grupomedios.com\/futbol\/wp-json\/wp\/v2\/tags?post=410198"}],"curies":[{"name":"wp","href":"https:\/\/api.w.org\/{rel}","templated":true}]}}