{"id":410214,"date":"2016-07-12T10:34:06","date_gmt":"2016-07-12T15:34:06","guid":{"rendered":"http:\/\/www.futboltotal.com.mx\/?p=410214"},"modified":"2016-07-12T10:34:06","modified_gmt":"2016-07-12T15:34:06","slug":"america-hara-homenaje-a-sus-porteros","status":"publish","type":"post","link":"http:\/\/desarrollo.grupomedios.com\/futbol\/futbol-mexicano\/america-hara-homenaje-a-sus-porteros\/2016\/07","title":{"rendered":"Am\u00e9rica har\u00e1 homenaje a sus porteros hist\u00f3ricos"},"content":{"rendered":"<p>Como parte de la celebraci\u00f3n de su Centenario, el <span style=\"color: #ff0000;\"><a style=\"color: #ff0000;\" href=\"http:\/\/futboltotal.com.mx\/equipos\/america\/\">Am\u00e9rica<\/a><\/span> rendir\u00e1 un homenaje a los <strong>porteros hist\u00f3ricos<\/strong> del club antes de su primer partido contra <span style=\"color: #ff0000;\"><a style=\"color: #ff0000;\" href=\"http:\/\/www.futboltotal.com.mx\/equipos\/chiapas\/\">Chiapas<\/a><\/span> en el arranque del Apertura 2016.<\/p>\n<p>A trav\u00e9s de su cuenta de Twitter, las <em>\u00c1guilas\u00a0<\/em>indicaron a los porteros que ser\u00e1n reconocidos por su trayectoria en el conjunto de Coapa, por lo que har\u00e1n presencia el pr\u00f3ximo s\u00e1bado en el estadio Azteca.<\/p>\n<blockquote class=\"twitter-tweet\" data-lang=\"es\">\n<p dir=\"ltr\" lang=\"es\">Invitamos a <a href=\"https:\/\/twitter.com\/PorteroZelada\">@PorteroZelada<\/a> <a href=\"https:\/\/twitter.com\/yosoy8a\">@yosoy8a<\/a> <a href=\"https:\/\/twitter.com\/MoyMu23\">@MoyMu23<\/a> y <a href=\"https:\/\/twitter.com\/adorri25\">@adorri25<\/a> a recibir un reconocimiento por su trayectoria Americanista <a href=\"https:\/\/t.co\/MamUKZPQ5I\">pic.twitter.com\/MamUKZPQ5I<\/a><\/p>\n<p>\u2014 Club Am\u00e9rica (@ClubAmerica) <a href=\"https:\/\/twitter.com\/ClubAmerica\/status\/752675967512961024\">12 de julio de 2016<\/a><\/p><\/blockquote>\n<p><script src=\"\/\/platform.twitter.com\/widgets.js\" async=\"\" charset=\"utf-8\"><\/script><\/p>\n<p style=\"text-align: center;\"><span style=\"color: #3366ff;\">LEER M\u00c1S:\u00a0<a style=\"color: #3366ff;\" href=\"http:\/\/www.futboltotal.com.mx\/2016\/07\/fernando-arce-se-retira\/\">Fernando Arce se retira<\/a><\/span><\/p>\n<p>El homenaje a los<strong> porteros hist\u00f3ricos<\/strong> se dar\u00e1 en la antesala del primer partido del <strong>Am\u00e9rica<\/strong>, cuando inicien su participaci\u00f3n contra Jaguares de Chiapas en la fecha 1 del Apertura 2016 en el estadio Azteca.<\/p>\n","protected":false},"excerpt":{"rendered":"<p>Las \u00c1guilas reconocer\u00e1n a sus mejores porteros<\/p>\n","protected":false},"author":20,"featured_media":410217,"comment_status":"closed","ping_status":"closed","sticky":false,"template":"","format":"standard","meta":[],"categories":[2198,3845,5950],"tags":[5959],"_links":{"self":[{"href":"http:\/\/desarrollo.grupomedios.com\/futbol\/wp-json\/wp\/v2\/posts\/410214"}],"collection":[{"href":"http:\/\/desarrollo.grupomedios.com\/futbol\/wp-json\/wp\/v2\/posts"}],"about":[{"href":"http:\/\/desarrollo.grupomedios.com\/futbol\/wp-json\/wp\/v2\/types\/post"}],"author":[{"embeddable":true,"href":"http:\/\/desarrollo.grupomedios.com\/futbol\/wp-json\/wp\/v2\/users\/20"}],"replies":[{"embeddable":true,"href":"http:\/\/desarrollo.grupomedios.com\/futbol\/wp-json\/wp\/v2\/comments?post=410214"}],"version-history":[{"count":0,"href":"http:\/\/desarrollo.grupomedios.com\/futbol\/wp-json\/wp\/v2\/posts\/410214\/revisions"}],"wp:featuredmedia":[{"embeddable":true,"href":"http:\/\/desarrollo.grupomedios.com\/futbol\/wp-json\/wp\/v2\/media\/410217"}],"wp:attachment":[{"href":"http:\/\/desarrollo.grupomedios.com\/futbol\/wp-json\/wp\/v2\/media?parent=410214"}],"wp:term":[{"taxonomy":"category","embeddable":true,"href":"http:\/\/desarrollo.grupomedios.com\/futbol\/wp-json\/wp\/v2\/categories?post=410214"},{"taxonomy":"post_tag","embeddable":true,"href":"http:\/\/desarrollo.grupomedios.com\/futbol\/wp-json\/wp\/v2\/tags?post=410214"}],"curies":[{"name":"wp","href":"https:\/\/api.w.org\/{rel}","templated":true}]}}