{"id":410247,"date":"2016-07-12T12:40:04","date_gmt":"2016-07-12T17:40:04","guid":{"rendered":"http:\/\/www.futboltotal.com.mx\/?p=410247"},"modified":"2016-07-12T13:57:00","modified_gmt":"2016-07-12T18:57:00","slug":"apertura-2016-los-pelearan-descenso","status":"publish","type":"post","link":"http:\/\/desarrollo.grupomedios.com\/futbol\/destacado-home\/apertura-2016-los-pelearan-descenso\/2016\/07","title":{"rendered":"\u00a1Inicia una nueva batalla por la permanencia!"},"content":{"rendered":"<p>La actividad de la <a href=\"http:\/\/www.futboltotal.com.mx\/futbol-mexicano\/\"><strong>Liga MX<\/strong><\/a> est\u00e1 por reanudarse, ser\u00e1 con el duelo entre <a href=\"http:\/\/www.futboltotal.com.mx\/equipos\/tijuana\/\" target=\"_blank\"><strong>Xolos<\/strong><\/a> y <a href=\"http:\/\/www.futboltotal.com.mx\/equipos\/morelia\/\" target=\"_blank\"><strong>Morelia<\/strong><\/a>, del pr\u00f3ximo 15 de julio cuando el a\u00f1o futbol\u00edstico <em>azteca<\/em> comience; curiosamente, el partido inaugural ser\u00e1 entre dos equipos que pelear\u00e1n por no descender.<\/p>\n<p>El Apertura 2016 arrancar\u00e1 con cinco equipos en aprietos porcentuales, dos de ellos, <a href=\"http:\/\/www.futboltotal.com.mx\/equipos\/puebla\/\" target=\"_blank\"><strong>Puebla<\/strong><\/a> y <a href=\"http:\/\/www.futboltotal.com.mx\/equipos\/veracruz\/\" target=\"_blank\"><strong>Veracruz<\/strong><\/a>, ten\u00edan pocos problemas hasta el Clausura 2016, pero al terminar dicho torneo, sus cocientes bajaron considerablemente, as\u00ed que, de no dar un buen torneo en el segundo semestre de este a\u00f1o, podr\u00edan meterse seriamente a la lucha para evitar perder la categor\u00eda.<\/p>\n<p>Por otro lado, la pelea m\u00e1s fuerte ser\u00e1 entre tres equipos: <strong>Xolos<\/strong>, <strong>Morelia<\/strong> y <a href=\"http:\/\/www.futboltotal.com.mx\/equipos\/necaxa\/\" target=\"_blank\"><strong>Necaxa<\/strong><\/a>, donde los primeros requieren de sumar puntos por propios m\u00e9ritos, ya que los <em>Rayos<\/em> tendr\u00e1n volatilidad en sus porcentajes, a menos claro, que no tengan una buena campa\u00f1a en el Apertura 2016, tal y como les sucedi\u00f3 a su predecesor Dorados, club que pr\u00e1cticamente perdi\u00f3 la categor\u00eda, por los puntos que dej\u00f3 ir desde la primera campa\u00f1a.<\/p>\n<p style=\"text-align: center;\"><span style=\"color: #3366ff;\"><a style=\"color: #3366ff;\" href=\"http:\/\/www.futboltotal.com.mx\/2016\/07\/televisa-da-bienvenida-a-necaxa\/\" target=\"_blank\"><strong>LEER M\u00c1S: Televisa da bienvenida a Necaxa<\/strong><\/a><\/span><\/p>\n<p>As\u00ed est\u00e1 la tabla de cocientes, previo al arranque del Apertura 2016:<\/p>\n<p><strong>Puebla<\/strong> | 68 JJ | 85 Pts. | 1.2500<\/p>\n<p><strong>Veracruz<\/strong> | 68 JJ | 84 Pts. | 1.2353<\/p>\n<p><strong>Xolos<\/strong> | 68 JJ | 79 Pts. | 1.1618<\/p>\n<p><strong>Morelia<\/strong> | 68 JJ | 74 Pts. | 1.082<\/p>\n<p><strong>Necaxa<\/strong> | 0JJ | 0 Pts. |<\/p>\n<p><script src=\"\/\/cdn.playbuzz.com\/widget\/feed.js\" type=\"text\/javascript\"><\/script><\/p>\n<div class=\"pb_feed\" data-embed-by=\"d43f3879-83ed-40bc-99d7-fde80605466f\" data-game=\"\/futboltotal\/la-batalla-por-la-permanencia-apertura-2016\" data-recommend=\"false\" data-game-info=\"false\" data-comments=\"false\"><\/div>\n<p><strong>Puebla<\/strong> | La<em> Franja<\/em> apuesta por el plantel que termin\u00f3 el Clausura 2016 y que consigui\u00f3 el medio boleto a la Copa Libertadores. Ahora, con nuevo director t\u00e9cnico y la llegada de Franco Arizala, buscar\u00e1n mejorar su ofensiva.<\/p>\n<p><a href=\"http:\/\/www.futboltotal.com.mx\/wp-content\/uploads\/2016\/07\/los-que-pelearan-el-descenso-puebla.jpg\"><img decoding=\"async\" loading=\"lazy\" class=\"alignnone size-full wp-image-410251\" src=\"http:\/\/www.futboltotal.com.mx\/wp-content\/uploads\/2016\/07\/los-que-pelearan-el-descenso-puebla.jpg\" alt=\"los-que-pelearan-el-descenso-puebla\" srcset=\"http:\/\/desarrollo.grupomedios.com\/futbol\/wp-content\/uploads\/2016\/07\/los-que-pelearan-el-descenso-puebla.jpg 858w, http:\/\/desarrollo.grupomedios.com\/futbol\/wp-content\/uploads\/2016\/07\/los-que-pelearan-el-descenso-puebla-300x151.jpg 300w, http:\/\/desarrollo.grupomedios.com\/futbol\/wp-content\/uploads\/2016\/07\/los-que-pelearan-el-descenso-puebla-768x386.jpg 768w, http:\/\/desarrollo.grupomedios.com\/futbol\/wp-content\/uploads\/2016\/07\/los-que-pelearan-el-descenso-puebla-340x171.jpg 340w\" sizes=\"(max-width: 858px) 100vw, 858px\" \/><\/a><\/p>\n<p><strong>Veracruz<\/strong> | Tambi\u00e9n los <em>Tiburones<\/em> apuestan por mantener a la mayor\u00eda del plantel que tuvieron en el \u00faltimo a\u00f1o, pero esta vez, bajo la tutela de Pablo Marini, quien buscar\u00e1 sacarlos de los problemas porcentuales.<\/p>\n<p><a href=\"http:\/\/www.futboltotal.com.mx\/wp-content\/uploads\/2016\/07\/los-que-pelearan-el-descenso-veracruz.jpg\"><img decoding=\"async\" loading=\"lazy\" class=\"alignnone size-full wp-image-410254\" src=\"http:\/\/www.futboltotal.com.mx\/wp-content\/uploads\/2016\/07\/los-que-pelearan-el-descenso-veracruz.jpg\" alt=\"los-que-pelearan-el-descenso-veracruz\" srcset=\"http:\/\/desarrollo.grupomedios.com\/futbol\/wp-content\/uploads\/2016\/07\/los-que-pelearan-el-descenso-veracruz.jpg 858w, http:\/\/desarrollo.grupomedios.com\/futbol\/wp-content\/uploads\/2016\/07\/los-que-pelearan-el-descenso-veracruz-300x151.jpg 300w, http:\/\/desarrollo.grupomedios.com\/futbol\/wp-content\/uploads\/2016\/07\/los-que-pelearan-el-descenso-veracruz-768x386.jpg 768w, http:\/\/desarrollo.grupomedios.com\/futbol\/wp-content\/uploads\/2016\/07\/los-que-pelearan-el-descenso-veracruz-340x171.jpg 340w\" sizes=\"(max-width: 858px) 100vw, 858px\" \/><\/a><\/p>\n<p><strong>Xolos<\/strong> | El mal 2015 del Club Tijuana, orill\u00f3 a los fronterizos a caer hasta el antepen\u00faltimo puesto de los cocientes. Siete hombres se suman a las filas del <em>Piojo<\/em> Herrera, entre ellos, Yasser Corona y Avil\u00e9s Hurtado.<\/p>\n<p><a href=\"http:\/\/www.futboltotal.com.mx\/wp-content\/uploads\/2016\/07\/los-que-pelearan-el-descenso-xolos.jpg\"><img decoding=\"async\" loading=\"lazy\" class=\"alignnone size-full wp-image-410255\" src=\"http:\/\/www.futboltotal.com.mx\/wp-content\/uploads\/2016\/07\/los-que-pelearan-el-descenso-xolos.jpg\" alt=\"los-que-pelearan-el-descenso-xolos\" srcset=\"http:\/\/desarrollo.grupomedios.com\/futbol\/wp-content\/uploads\/2016\/07\/los-que-pelearan-el-descenso-xolos.jpg 858w, http:\/\/desarrollo.grupomedios.com\/futbol\/wp-content\/uploads\/2016\/07\/los-que-pelearan-el-descenso-xolos-300x151.jpg 300w, http:\/\/desarrollo.grupomedios.com\/futbol\/wp-content\/uploads\/2016\/07\/los-que-pelearan-el-descenso-xolos-768x386.jpg 768w, http:\/\/desarrollo.grupomedios.com\/futbol\/wp-content\/uploads\/2016\/07\/los-que-pelearan-el-descenso-xolos-340x171.jpg 340w\" sizes=\"(max-width: 858px) 100vw, 858px\" \/><\/a><\/p>\n<p><strong>Morelia<\/strong> | Es el equipo m\u00e1s urgido, ya que un buen torneo de los <em>Rayos<\/em> los dejar\u00eda en el \u00faltimo lugar, por eso <em>Grupo Salinas<\/em> quiere salvarlos, y trajo a siete refuerzos, comandados por el peruano Ra\u00fal Ruid\u00edaz.<\/p>\n<p><a href=\"http:\/\/www.futboltotal.com.mx\/wp-content\/uploads\/2016\/07\/los-que-pelearan-el-descenso-morelia.jpg\"><img decoding=\"async\" loading=\"lazy\" class=\"alignnone size-full wp-image-410256\" src=\"http:\/\/www.futboltotal.com.mx\/wp-content\/uploads\/2016\/07\/los-que-pelearan-el-descenso-morelia.jpg\" alt=\"los-que-pelearan-el-descenso-morelia\" srcset=\"http:\/\/desarrollo.grupomedios.com\/futbol\/wp-content\/uploads\/2016\/07\/los-que-pelearan-el-descenso-morelia.jpg 858w, http:\/\/desarrollo.grupomedios.com\/futbol\/wp-content\/uploads\/2016\/07\/los-que-pelearan-el-descenso-morelia-300x151.jpg 300w, http:\/\/desarrollo.grupomedios.com\/futbol\/wp-content\/uploads\/2016\/07\/los-que-pelearan-el-descenso-morelia-768x386.jpg 768w, http:\/\/desarrollo.grupomedios.com\/futbol\/wp-content\/uploads\/2016\/07\/los-que-pelearan-el-descenso-morelia-340x171.jpg 340w\" sizes=\"(max-width: 858px) 100vw, 858px\" \/><\/a><\/p>\n<p><strong>Necaxa<\/strong> | El reci\u00e9n ascendido es el equipo que mejor se reforz\u00f3 para esta batalla, pues contrat\u00f3 a 10 futbolistas, adem\u00e1s de mantener a la base que les dio el ansiado regreso a Primera Divisi\u00f3n. Adem\u00e1s, con el fichaje de Marcelo Barovero, los <em>Rayos<\/em> tienen la mejor contrataci\u00f3n del Apertura 2016, proveniente del extranjero.<\/p>\n<p><a href=\"http:\/\/www.futboltotal.com.mx\/wp-content\/uploads\/2016\/07\/los-que-pelearan-el-descenso-necaxa.jpg\"><img decoding=\"async\" loading=\"lazy\" class=\"alignnone size-full wp-image-410257\" src=\"http:\/\/www.futboltotal.com.mx\/wp-content\/uploads\/2016\/07\/los-que-pelearan-el-descenso-necaxa.jpg\" alt=\"los-que-pelearan-el-descenso-necaxa\" srcset=\"http:\/\/desarrollo.grupomedios.com\/futbol\/wp-content\/uploads\/2016\/07\/los-que-pelearan-el-descenso-necaxa.jpg 858w, http:\/\/desarrollo.grupomedios.com\/futbol\/wp-content\/uploads\/2016\/07\/los-que-pelearan-el-descenso-necaxa-300x151.jpg 300w, http:\/\/desarrollo.grupomedios.com\/futbol\/wp-content\/uploads\/2016\/07\/los-que-pelearan-el-descenso-necaxa-768x386.jpg 768w, http:\/\/desarrollo.grupomedios.com\/futbol\/wp-content\/uploads\/2016\/07\/los-que-pelearan-el-descenso-necaxa-340x171.jpg 340w\" sizes=\"(max-width: 858px) 100vw, 858px\" \/><\/a><\/p>\n","protected":false},"excerpt":{"rendered":"<p>Nuevos implicados en la lucha por no descender<\/p>\n","protected":false},"author":20,"featured_media":410249,"comment_status":"closed","ping_status":"closed","sticky":false,"template":"","format":"standard","meta":[],"categories":[5,2198,7025,3845],"tags":[6927,64,5967,261,5969,6049,1673],"_links":{"self":[{"href":"http:\/\/desarrollo.grupomedios.com\/futbol\/wp-json\/wp\/v2\/posts\/410247"}],"collection":[{"href":"http:\/\/desarrollo.grupomedios.com\/futbol\/wp-json\/wp\/v2\/posts"}],"about":[{"href":"http:\/\/desarrollo.grupomedios.com\/futbol\/wp-json\/wp\/v2\/types\/post"}],"author":[{"embeddable":true,"href":"http:\/\/desarrollo.grupomedios.com\/futbol\/wp-json\/wp\/v2\/users\/20"}],"replies":[{"embeddable":true,"href":"http:\/\/desarrollo.grupomedios.com\/futbol\/wp-json\/wp\/v2\/comments?post=410247"}],"version-history":[{"count":0,"href":"http:\/\/desarrollo.grupomedios.com\/futbol\/wp-json\/wp\/v2\/posts\/410247\/revisions"}],"wp:featuredmedia":[{"embeddable":true,"href":"http:\/\/desarrollo.grupomedios.com\/futbol\/wp-json\/wp\/v2\/media\/410249"}],"wp:attachment":[{"href":"http:\/\/desarrollo.grupomedios.com\/futbol\/wp-json\/wp\/v2\/media?parent=410247"}],"wp:term":[{"taxonomy":"category","embeddable":true,"href":"http:\/\/desarrollo.grupomedios.com\/futbol\/wp-json\/wp\/v2\/categories?post=410247"},{"taxonomy":"post_tag","embeddable":true,"href":"http:\/\/desarrollo.grupomedios.com\/futbol\/wp-json\/wp\/v2\/tags?post=410247"}],"curies":[{"name":"wp","href":"https:\/\/api.w.org\/{rel}","templated":true}]}}