{"id":410304,"date":"2016-07-12T15:57:46","date_gmt":"2016-07-12T20:57:46","guid":{"rendered":"http:\/\/www.futboltotal.com.mx\/?p=410304"},"modified":"2016-07-12T19:00:29","modified_gmt":"2016-07-13T00:00:29","slug":"televisoras-le-echan-la-mano-a-chivas-tv","status":"publish","type":"post","link":"http:\/\/desarrollo.grupomedios.com\/futbol\/futbol-mexicano\/televisoras-le-echan-la-mano-a-chivas-tv\/2016\/07","title":{"rendered":"Temerario encuentro de Chivas TV con televisoras"},"content":{"rendered":"<p>Cualquier rivalidad entre medios de comunicaci\u00f3n que haya surgido o de la que se haya especulado tras el lanzamiento de <strong>Chivas TV<\/strong>, ser\u00eda derrumbada con la transmisi\u00f3n de la emisi\u00f3n del <em>Reba\u00f1o Sagrado<\/em> del pr\u00f3ximo 15 de julio, pues la programaci\u00f3n indica, que tendr\u00e1n colaboraci\u00f3n de las televisoras m\u00e1s importantes.<\/p>\n<p>A trav\u00e9s de su cuenta de Twitter, <a href=\"http:\/\/www.futboltotal.com.mx\/equipos\/guadalajara\/\" target=\"_blank\"><strong>Chivas<\/strong><\/a> anunci\u00f3 que su streaming tendr\u00e1 un programa especial justo el d\u00eda que inicia la Liga MX, donde tendr\u00e1n la colaboraci\u00f3n, de comentaristas de las cadenas de televisi\u00f3n mexicanas, tanto de televisi\u00f3n restringida, como p\u00fablica.<\/p>\n<p style=\"text-align: center;\"><span style=\"color: #3366ff;\"><a style=\"color: #3366ff;\" href=\"http:\/\/www.futboltotal.com.mx\/2016\/07\/omar-bravo-saldria-chivas\/\" target=\"_blank\"><strong>LEER M\u00c1S: Omar Bravo dejar\u00e1 Chivas<\/strong><\/a><\/span><\/p>\n<p>Representantes de <em>Televisa<\/em>, <em>TV Azteca<\/em>, <em>Fox Sports<\/em> y <em>ESPN<\/em>, colaborar\u00e1n el pr\u00f3ximo 15 de julio a las 23:30 horas, en <strong>Chivas TV.<\/strong> Con ello, se dar\u00eda fin a los rumores sobre posible boicot contra el nuevo servicio del Guadalajara, \u00bfO acaso tundir\u00e1n al <em>Reba\u00f1o Sagrado<\/em>, en plena transmisi\u00f3n?<\/p>\n<blockquote class=\"twitter-tweet\" data-lang=\"es\">\n<p dir=\"ltr\" lang=\"es\">Este viernes a las 11:30pm tendremos un debate en vivo sobre <a href=\"https:\/\/twitter.com\/hashtag\/ChivasTV?src=hash\">#ChivasTV<\/a> con invitados de Televisa, FoxSports, ESPN y TVAzteca \u00a1Reg\u00edstrate ya!<\/p>\n<p>\u2014 CHIVAS (@Chivas) <a href=\"https:\/\/twitter.com\/Chivas\/status\/752914019514589184\">12 de julio de 2016<\/a><\/p><\/blockquote>\n<p><script src=\"\/\/platform.twitter.com\/widgets.js\" async=\"\" charset=\"utf-8\"><\/script><\/p>\n","protected":false},"excerpt":{"rendered":"<p>El canal del Reba\u00f1o tendr\u00e1 transmisi\u00f3n con invitados especiales<\/p>\n","protected":false},"author":20,"featured_media":410306,"comment_status":"closed","ping_status":"closed","sticky":false,"template":"","format":"standard","meta":[],"categories":[5419,2198,3845,5950],"tags":[5460,70,7110,5448,1490,4722,4665],"_links":{"self":[{"href":"http:\/\/desarrollo.grupomedios.com\/futbol\/wp-json\/wp\/v2\/posts\/410304"}],"collection":[{"href":"http:\/\/desarrollo.grupomedios.com\/futbol\/wp-json\/wp\/v2\/posts"}],"about":[{"href":"http:\/\/desarrollo.grupomedios.com\/futbol\/wp-json\/wp\/v2\/types\/post"}],"author":[{"embeddable":true,"href":"http:\/\/desarrollo.grupomedios.com\/futbol\/wp-json\/wp\/v2\/users\/20"}],"replies":[{"embeddable":true,"href":"http:\/\/desarrollo.grupomedios.com\/futbol\/wp-json\/wp\/v2\/comments?post=410304"}],"version-history":[{"count":0,"href":"http:\/\/desarrollo.grupomedios.com\/futbol\/wp-json\/wp\/v2\/posts\/410304\/revisions"}],"wp:featuredmedia":[{"embeddable":true,"href":"http:\/\/desarrollo.grupomedios.com\/futbol\/wp-json\/wp\/v2\/media\/410306"}],"wp:attachment":[{"href":"http:\/\/desarrollo.grupomedios.com\/futbol\/wp-json\/wp\/v2\/media?parent=410304"}],"wp:term":[{"taxonomy":"category","embeddable":true,"href":"http:\/\/desarrollo.grupomedios.com\/futbol\/wp-json\/wp\/v2\/categories?post=410304"},{"taxonomy":"post_tag","embeddable":true,"href":"http:\/\/desarrollo.grupomedios.com\/futbol\/wp-json\/wp\/v2\/tags?post=410304"}],"curies":[{"name":"wp","href":"https:\/\/api.w.org\/{rel}","templated":true}]}}