{"id":410308,"date":"2016-07-12T16:10:31","date_gmt":"2016-07-12T21:10:31","guid":{"rendered":"http:\/\/www.futboltotal.com.mx\/?p=410308"},"modified":"2016-07-12T19:14:21","modified_gmt":"2016-07-13T00:14:21","slug":"los-tecnicos-la-liga-mx","status":"publish","type":"post","link":"http:\/\/desarrollo.grupomedios.com\/futbol\/futbol-mexicano\/los-tecnicos-la-liga-mx\/2016\/07","title":{"rendered":"Los t\u00e9cnicos de la Liga MX"},"content":{"rendered":"<p>La <a href=\"http:\/\/www.futboltotal.com.mx\/futbol-mexicano\/\" target=\"_blank\"><strong>Liga MX<\/strong><\/a> tendr\u00e1 un tinte especial durante el\u00a0<strong>Apertura 2016<\/strong>, pues a diferencia del desfile de los <strong>t\u00e9cnicos<\/strong> que siempre hay en el futbol mexicano, en esta ocasi\u00f3n\u00a0tres estrategas emprender\u00e1n su traves\u00eda en el m\u00e1ximo circuito.<\/p>\n<p><a href=\"http:\/\/www.futboltotal.com.mx\/wp-content\/uploads\/2016\/07\/tecnicos-liga-mx-apertura-2016-1.jpg\"><img decoding=\"async\" loading=\"lazy\" class=\"alignnone size-full wp-image-410309\" src=\"http:\/\/www.futboltotal.com.mx\/wp-content\/uploads\/2016\/07\/tecnicos-liga-mx-apertura-2016-1.jpg\" alt=\"tecnicos-liga-mx-apertura-2016-1\" srcset=\"http:\/\/desarrollo.grupomedios.com\/futbol\/wp-content\/uploads\/2016\/07\/tecnicos-liga-mx-apertura-2016-1.jpg 898w, http:\/\/desarrollo.grupomedios.com\/futbol\/wp-content\/uploads\/2016\/07\/tecnicos-liga-mx-apertura-2016-1-193x300.jpg 193w, http:\/\/desarrollo.grupomedios.com\/futbol\/wp-content\/uploads\/2016\/07\/tecnicos-liga-mx-apertura-2016-1-768x1196.jpg 768w, http:\/\/desarrollo.grupomedios.com\/futbol\/wp-content\/uploads\/2016\/07\/tecnicos-liga-mx-apertura-2016-1-658x1024.jpg 658w\" sizes=\"(max-width: 898px) 100vw, 898px\" \/><\/a><\/p>\n<p><span style=\"color: #800000;\"><strong>Francisco Palencia (Pumas)<\/strong> <\/span>| Es el que tiene la mayor prueba, pues Guillermo V\u00e1zquez regres\u00f3 a la UNAM al protagonismo, situaci\u00f3n que debe mantener el <em>Gatillero<\/em> con un equipo \u201cdesmantelado\u201d tras las salidas de Ismael Sosa, Daniel Ludue\u00f1a, David Cabrera, entre otros; adem\u00e1s buscar estabilidad con refuerzos que causaron pol\u00e9mica al tratarse de elementos sin renombre como Sa\u00fal Berj\u00f3n y Abraham Gonz\u00e1lez o que no viven su mejor momento, como Pablo Barrera.<\/p>\n<p><span style=\"color: #800000;\"><strong>Hern\u00e1n Cristante (Toluca)<\/strong> <\/span>| El ex portero buscar\u00e1 concretar la mayor deuda de Jos\u00e9 Saturnino Cardozo, conseguir un t\u00edtulo como timonel, meta que deber\u00e1 alcanzar tras un mercado de fichajes con pocas bombas en el conjunto <em>escarlata<\/em>, porque fuera de Maikon Leite (Al Shaab), Osvaldo Gonz\u00e1lez (U de Chile) y Rodrigo G\u00f3mez (Independiente); contrataciones como las de Luis Garc\u00eda (Coras) o Antonio Pedroza (Herediano), causan incertidumbre entre la afici\u00f3n.<\/p>\n<p><a href=\"http:\/\/www.futboltotal.com.mx\/wp-content\/uploads\/2016\/07\/tecnicos-liga-mx-apertura-2016-2.jpg\"><img decoding=\"async\" loading=\"lazy\" class=\"alignnone size-full wp-image-410311\" src=\"http:\/\/www.futboltotal.com.mx\/wp-content\/uploads\/2016\/07\/tecnicos-liga-mx-apertura-2016-2.jpg\" alt=\"tecnicos-liga-mx-apertura-2016-2\" srcset=\"http:\/\/desarrollo.grupomedios.com\/futbol\/wp-content\/uploads\/2016\/07\/tecnicos-liga-mx-apertura-2016-2.jpg 858w, http:\/\/desarrollo.grupomedios.com\/futbol\/wp-content\/uploads\/2016\/07\/tecnicos-liga-mx-apertura-2016-2-300x151.jpg 300w, http:\/\/desarrollo.grupomedios.com\/futbol\/wp-content\/uploads\/2016\/07\/tecnicos-liga-mx-apertura-2016-2-768x386.jpg 768w, http:\/\/desarrollo.grupomedios.com\/futbol\/wp-content\/uploads\/2016\/07\/tecnicos-liga-mx-apertura-2016-2-340x171.jpg 340w\" sizes=\"(max-width: 858px) 100vw, 858px\" \/><\/a><\/p>\n<p><span style=\"color: #800000;\"><strong>Ricardo Vali\u00f1o (Puebla)<\/strong> <\/span>| La <em>Franja<\/em> tiene serios problemas con el descenso al ubicarse en el decimocuarto puesto de la tabla; pese a la urgencia, la directiva del club postr\u00f3 sus esperanzas con un hombre de casa como Vali\u00f1o, quien estuviera al mando de Lobos BUAP y los metiera a Liguilla.<\/p>\n<p><strong><span style=\"color: #800000;\">Nuevos procesos<\/span><\/strong> | De cara al <strong>Apertura 2016<\/strong> se dieron otros tres cambios de t\u00e9cnicos aunque no fueron nuevos, casos como Jos\u00e9 Guadalupe Cruz con Atlas, Pablo Marini (Veracruz) y Jos\u00e9 Cardozo (Chiapas).<\/p>\n<blockquote class=\"twitter-tweet\" data-lang=\"es\">\n<p dir=\"ltr\" lang=\"es\">Prepara tu \u26bd Agenda Futbol\u00edstica \u26bd porque as\u00ed se va a jugar la <a href=\"https:\/\/twitter.com\/hashtag\/J1AP2016?src=hash\">#J1AP2016<\/a> en la <a href=\"https:\/\/twitter.com\/hashtag\/LIGABancomerMX?src=hash\">#LIGABancomerMX<\/a><br \/>\n\u26bd <a href=\"https:\/\/twitter.com\/hashtag\/SienteTuLiga?src=hash\">#SienteTuLiga<\/a> \u26bd <a href=\"https:\/\/t.co\/Sbyxy2RA2F\">pic.twitter.com\/Sbyxy2RA2F<\/a><\/p>\n<p>\u2014 LIGA Bancomer MX (@LIGABancomerMX) <a href=\"https:\/\/twitter.com\/LIGABancomerMX\/status\/752891855101104128\">12 de julio de 2016<\/a><\/p><\/blockquote>\n<p><script src=\"\/\/platform.twitter.com\/widgets.js\" async=\"\" charset=\"utf-8\"><\/script><\/p>\n<p><em>Crack<\/em>, \u00bfqui\u00e9n crees que sea el primero en perder el cargo?<\/p>\n","protected":false},"excerpt":{"rendered":"<p>En el Apertura 2016 debutar\u00e1n tres estrategas <\/p>\n","protected":false},"author":20,"featured_media":410314,"comment_status":"closed","ping_status":"closed","sticky":false,"template":"","format":"standard","meta":[],"categories":[2198,3845,5950],"tags":[6927,64],"_links":{"self":[{"href":"http:\/\/desarrollo.grupomedios.com\/futbol\/wp-json\/wp\/v2\/posts\/410308"}],"collection":[{"href":"http:\/\/desarrollo.grupomedios.com\/futbol\/wp-json\/wp\/v2\/posts"}],"about":[{"href":"http:\/\/desarrollo.grupomedios.com\/futbol\/wp-json\/wp\/v2\/types\/post"}],"author":[{"embeddable":true,"href":"http:\/\/desarrollo.grupomedios.com\/futbol\/wp-json\/wp\/v2\/users\/20"}],"replies":[{"embeddable":true,"href":"http:\/\/desarrollo.grupomedios.com\/futbol\/wp-json\/wp\/v2\/comments?post=410308"}],"version-history":[{"count":0,"href":"http:\/\/desarrollo.grupomedios.com\/futbol\/wp-json\/wp\/v2\/posts\/410308\/revisions"}],"wp:featuredmedia":[{"embeddable":true,"href":"http:\/\/desarrollo.grupomedios.com\/futbol\/wp-json\/wp\/v2\/media\/410314"}],"wp:attachment":[{"href":"http:\/\/desarrollo.grupomedios.com\/futbol\/wp-json\/wp\/v2\/media?parent=410308"}],"wp:term":[{"taxonomy":"category","embeddable":true,"href":"http:\/\/desarrollo.grupomedios.com\/futbol\/wp-json\/wp\/v2\/categories?post=410308"},{"taxonomy":"post_tag","embeddable":true,"href":"http:\/\/desarrollo.grupomedios.com\/futbol\/wp-json\/wp\/v2\/tags?post=410308"}],"curies":[{"name":"wp","href":"https:\/\/api.w.org\/{rel}","templated":true}]}}