{"id":410323,"date":"2016-07-12T16:41:17","date_gmt":"2016-07-12T21:41:17","guid":{"rendered":"http:\/\/www.futboltotal.com.mx\/?p=410323"},"modified":"2016-07-12T16:42:03","modified_gmt":"2016-07-12T21:42:03","slug":"los-abonos-la-liga-mx-apertura-2016","status":"publish","type":"post","link":"http:\/\/desarrollo.grupomedios.com\/futbol\/futbol-mexicano\/los-abonos-la-liga-mx-apertura-2016\/2016\/07","title":{"rendered":"Veracruz, con abonos m\u00e1s caros que los grandes"},"content":{"rendered":"<p>El inicio del <strong>Apertura 2016<\/strong> est\u00e1 a la vuelta de la esquina y por eso, los equipos de la <a href=\"http:\/\/www.futboltotal.com.mx\/futbol-mexicano\/\" target=\"_blank\"><strong>Liga MX<\/strong><\/a> se prepararon desde varias semanas atr\u00e1s, para brindarle a sus aficionados, la oportunidad para apartar lugares para los encuentros de su equipo favorito, durante la celebraci\u00f3n del torneo.<\/p>\n<p>Se ha vuelto una moda y al mismo tiempo, necesidad, el adquirir un abono por temporada, para los partidos del equipo de futbol, del que cada persona es aficionada, y por eso todos los equipos de la <strong>Liga MX<\/strong>, ofrecieron esa posibilidad, para esta temporada.<\/p>\n<p>Lo que sobresale, son los costos de los abonos de la <strong>Liga MX<\/strong>, sobre todo de algunos clubes como el <a href=\"http:\/\/www.futboltotal.com.mx\/equipos\/veracruz\/\" target=\"_blank\"><strong>Veracruz<\/strong><\/a>, que tiene tarifas de mayor precio que las de los equipos m\u00e1s populares del pa\u00eds. A continuaci\u00f3n proporcionamos la relaci\u00f3n de las tarifas, de lo m\u00e1s barato a lo m\u00e1s caro, de cada equipo del M\u00e1ximo Circuito, para el Apertura 2016.<\/p>\n<p style=\"text-align: center;\"><span style=\"color: #3366ff;\"><a style=\"color: #3366ff;\" href=\"http:\/\/www.futboltotal.com.mx\/2016\/07\/apertura-2016-los-pelearan-descenso\/\" target=\"_blank\"><strong>LEER M\u00c1S: Los que disputar\u00e1n el descenso en el Apertura 2016<\/strong><\/a><\/span><\/p>\n<p><strong>Am\u00e9rica<\/strong> | 1,170 \u2013 2,600 pesos | S\u00f3lo Apertura<\/p>\n<p><strong>Atlas<\/strong> | 599 \u2013 8,999 pesos | Apertura y Clausura<\/p>\n<p><strong>Chiapas<\/strong> | 500 \u2013 6,000 pesos | Apertura y Clausura<\/p>\n<p><strong>Chivas<\/strong> | 2, 555 \u2013 14,300 pesos | Apertura y Clausura<\/p>\n<p><strong>Cruz Azul<\/strong> | 5,730 a 6,231 pesos | Apertura y Clausura<\/p>\n<p><strong>Le\u00f3n<\/strong> | 1,100 \u2013 2,900 pesos | S\u00f3lo Apertura<\/p>\n<p><strong>Monterrey<\/strong> | 4,500 \u2013 12,000 pesos | Apertura y Clausura<\/p>\n<p><strong>Morelia<\/strong> | 799 \u2013 2,399 pesos | S\u00f3lo Apertura<\/p>\n<p><strong>Necaxa<\/strong> | 2,056 \u2013 10,231 pesos | Apertura y Clausura<\/p>\n<p><strong>Pachuca<\/strong> | 1,000 \u2013 1,900 pesos | Apertura y Clausura<\/p>\n<p><strong>Puebla<\/strong> | 1,000 \u2013 3,300 pesos | S\u00f3lo Apertura<\/p>\n<p><strong>Pumas<\/strong> | 2,900 \u2013 1,0370 pesos | Apertura y Clausura<\/p>\n<p><strong>Quer\u00e9taro<\/strong> | 3,140 \u2013 6,080 pesos | Apertura y Clausura<\/p>\n<p><strong>Santos<\/strong> | 2,200 \u2013 10,095 pesos | Apertura y Clausura<\/p>\n<p><strong>Tigres<\/strong> | 2,830 \u2013 28, 545 pesos | Apertura y Clausura<\/p>\n<p><strong>Toluca<\/strong> | 700 \u2013 4,000 pesos | Apertura y Clausura<\/p>\n<p><strong>Veracruz<\/strong> | 1150 \u2013 34,680 pesos | Apertura y Clausura<\/p>\n<p><strong>Xolos<\/strong> | 1,753 \u2013 6,331 pesos | Apertura y Clausura<\/p>\n","protected":false},"excerpt":{"rendered":"<p>Los Tiburones tienen el abono m\u00e1s costoso de la Liga MX<\/p>\n","protected":false},"author":20,"featured_media":410326,"comment_status":"closed","ping_status":"closed","sticky":false,"template":"","format":"standard","meta":[],"categories":[2198,3845,5950],"tags":[6927,64],"_links":{"self":[{"href":"http:\/\/desarrollo.grupomedios.com\/futbol\/wp-json\/wp\/v2\/posts\/410323"}],"collection":[{"href":"http:\/\/desarrollo.grupomedios.com\/futbol\/wp-json\/wp\/v2\/posts"}],"about":[{"href":"http:\/\/desarrollo.grupomedios.com\/futbol\/wp-json\/wp\/v2\/types\/post"}],"author":[{"embeddable":true,"href":"http:\/\/desarrollo.grupomedios.com\/futbol\/wp-json\/wp\/v2\/users\/20"}],"replies":[{"embeddable":true,"href":"http:\/\/desarrollo.grupomedios.com\/futbol\/wp-json\/wp\/v2\/comments?post=410323"}],"version-history":[{"count":0,"href":"http:\/\/desarrollo.grupomedios.com\/futbol\/wp-json\/wp\/v2\/posts\/410323\/revisions"}],"wp:featuredmedia":[{"embeddable":true,"href":"http:\/\/desarrollo.grupomedios.com\/futbol\/wp-json\/wp\/v2\/media\/410326"}],"wp:attachment":[{"href":"http:\/\/desarrollo.grupomedios.com\/futbol\/wp-json\/wp\/v2\/media?parent=410323"}],"wp:term":[{"taxonomy":"category","embeddable":true,"href":"http:\/\/desarrollo.grupomedios.com\/futbol\/wp-json\/wp\/v2\/categories?post=410323"},{"taxonomy":"post_tag","embeddable":true,"href":"http:\/\/desarrollo.grupomedios.com\/futbol\/wp-json\/wp\/v2\/tags?post=410323"}],"curies":[{"name":"wp","href":"https:\/\/api.w.org\/{rel}","templated":true}]}}