{"id":410334,"date":"2016-07-12T17:15:04","date_gmt":"2016-07-12T22:15:04","guid":{"rendered":"http:\/\/www.futboltotal.com.mx\/?p=410334"},"modified":"2016-07-12T17:23:29","modified_gmt":"2016-07-12T22:23:29","slug":"extranjeros-apertura-2016-liga-mx","status":"publish","type":"post","link":"http:\/\/desarrollo.grupomedios.com\/futbol\/destacado-home\/extranjeros-apertura-2016-liga-mx\/2016\/07","title":{"rendered":"Escandalosa globalizaci\u00f3n en la Liga MX"},"content":{"rendered":"<p>El <strong>Apertura 2016<\/strong> arrancar\u00e1 con 177 futbolistas<strong> no nacidos en M\u00e9xico<\/strong>. Una cifra de esc\u00e1ndalo, consecuencia de la flexibilidad que los directivos de la <a href=\"http:\/\/www.futboltotal.com.mx\/futbol-mexicano\/\"><strong>Liga MX<\/strong><\/a> han aplicado al reglamento de competencia.<\/p>\n<p>Y antes de que arranque el <strong>Apertura 2016<\/strong>, con el amparo de la pol\u00e9mica norma 10\/8, la <a href=\"http:\/\/www.futboltotal.com.mx\/futbol-mexicano\/\"><strong>Liga MX<\/strong><\/a> ya rompi\u00f3 un r\u00e9cord: oficialmente es la campa\u00f1a con m\u00e1s jugadores <strong>no nacidos en M\u00e9xico<\/strong> (177), superando el registro de 165 elementos extranjeros, naturalizados y con doble nacionalidad del pasado torneo.<\/p>\n<p style=\"text-align: center;\"><span style=\"color: #3366ff;\"><strong><a style=\"color: #3366ff;\" href=\"http:\/\/www.futboltotal.com.mx\/2016\/07\/nuevos-horarios-la-liga-mx\/\">LEER M\u00c1S: Nuevos horarios de la Liga MX<\/a><\/strong><\/span><\/p>\n<p><a href=\"http:\/\/www.futboltotal.com.mx\/2016\/07\/extranjeros-apertura-2016-liga-mx\/extranjeros-apertura-2016-liga-mx-2\/\" rel=\"attachment wp-att-410344\"><img decoding=\"async\" loading=\"lazy\" class=\"aligncenter size-full wp-image-410344\" src=\"http:\/\/www.futboltotal.com.mx\/wp-content\/uploads\/2016\/07\/extranjeros-apertura-2016-liga-mx.jpg\" alt=\"extranjeros-apertura-2016-liga-mx\" srcset=\"http:\/\/desarrollo.grupomedios.com\/futbol\/wp-content\/uploads\/2016\/07\/extranjeros-apertura-2016-liga-mx.jpg 858w, http:\/\/desarrollo.grupomedios.com\/futbol\/wp-content\/uploads\/2016\/07\/extranjeros-apertura-2016-liga-mx-101x300.jpg 101w, http:\/\/desarrollo.grupomedios.com\/futbol\/wp-content\/uploads\/2016\/07\/extranjeros-apertura-2016-liga-mx-768x2288.jpg 768w, http:\/\/desarrollo.grupomedios.com\/futbol\/wp-content\/uploads\/2016\/07\/extranjeros-apertura-2016-liga-mx-344x1024.jpg 344w\" sizes=\"(max-width: 858px) 100vw, 858px\" \/><\/a><\/p>\n<p><span style=\"color: #993300;\">NUEVOS EXTRANJEROS<\/span> | Hasta la fecha -el cierre de registros de jugadores extranjeros ser\u00e1 en los primeros d\u00edas de septiembre-, un total de 46 nuevos futbolistas no nacidos en M\u00e9xico formar\u00e1n parte del Apertura 2016.<\/p>\n<p><span style=\"color: #800000;\">NADIE SE SALVA<\/span> |\u00a0Cabe destacar que el\u00a0fen\u00f3meno es generalizado, pues incluso las\u00a0<a href=\"http:\/\/www.futboltotal.com.mx\/equipos\/guadalajara\/\">Chivas del Guadalajara<\/a>\u00a0tienen tres elementos nacidos en Estados Unidos en su primer equipo.<\/p>\n<p><span style=\"color: #993300;\">14, CIFRA M\u00c1XIMA<\/span> |\u00a0Salvo que haya alg\u00fan otro movimiento en los siguientes d\u00edas, Veracruz\u00a0y Tijuana\u00a0ser\u00e1n los equipos que m\u00e1s jugadores nacidos en el extranjero tenga en su plantel, con 14; mientras que Chivas, evidentemente, es el que menos tiene, al contar con tres\u00a0jugadores originarios de Estados Unidos, pero que tienen tambi\u00e9n la nacionalidad mexicana.<\/p>\n","protected":false},"excerpt":{"rendered":"<p>El Apertura 2016 arrancar\u00e1 con 177 futbolistas no nacidos en M\u00e9xico<\/p>\n","protected":false},"author":20,"featured_media":410340,"comment_status":"closed","ping_status":"closed","sticky":false,"template":"","format":"standard","meta":[],"categories":[5,2198,3845],"tags":[6927],"_links":{"self":[{"href":"http:\/\/desarrollo.grupomedios.com\/futbol\/wp-json\/wp\/v2\/posts\/410334"}],"collection":[{"href":"http:\/\/desarrollo.grupomedios.com\/futbol\/wp-json\/wp\/v2\/posts"}],"about":[{"href":"http:\/\/desarrollo.grupomedios.com\/futbol\/wp-json\/wp\/v2\/types\/post"}],"author":[{"embeddable":true,"href":"http:\/\/desarrollo.grupomedios.com\/futbol\/wp-json\/wp\/v2\/users\/20"}],"replies":[{"embeddable":true,"href":"http:\/\/desarrollo.grupomedios.com\/futbol\/wp-json\/wp\/v2\/comments?post=410334"}],"version-history":[{"count":0,"href":"http:\/\/desarrollo.grupomedios.com\/futbol\/wp-json\/wp\/v2\/posts\/410334\/revisions"}],"wp:featuredmedia":[{"embeddable":true,"href":"http:\/\/desarrollo.grupomedios.com\/futbol\/wp-json\/wp\/v2\/media\/410340"}],"wp:attachment":[{"href":"http:\/\/desarrollo.grupomedios.com\/futbol\/wp-json\/wp\/v2\/media?parent=410334"}],"wp:term":[{"taxonomy":"category","embeddable":true,"href":"http:\/\/desarrollo.grupomedios.com\/futbol\/wp-json\/wp\/v2\/categories?post=410334"},{"taxonomy":"post_tag","embeddable":true,"href":"http:\/\/desarrollo.grupomedios.com\/futbol\/wp-json\/wp\/v2\/tags?post=410334"}],"curies":[{"name":"wp","href":"https:\/\/api.w.org\/{rel}","templated":true}]}}