{"id":410350,"date":"2016-07-13T10:52:14","date_gmt":"2016-07-13T15:52:14","guid":{"rendered":"http:\/\/www.futboltotal.com.mx\/?p=410350"},"modified":"2016-07-13T10:52:07","modified_gmt":"2016-07-13T15:52:07","slug":"apertura-2016-candidatos-al-titulo-la-liga-mx","status":"publish","type":"post","link":"http:\/\/desarrollo.grupomedios.com\/futbol\/destacado-home\/apertura-2016-candidatos-al-titulo-la-liga-mx\/2016\/07","title":{"rendered":"Los candidatos al t\u00edtulo del Apertura 2016"},"content":{"rendered":"<p>El <strong>Apertura 2016<\/strong> inicia el pr\u00f3ximo 15 de julio y algunos equipos ya miran la nueva campa\u00f1a de la <strong>Liga MX<\/strong>, con ojos de conquista, pues se reforzaron de tal forma, que puedan competir por el t\u00edtulo nacional.<\/p>\n<p>Algunos equipos han demostrado que no solo tienen cartera, sino buen ojo para los refuerzos, como Tigres y Le\u00f3n, que se hicieron de futbolistas que pueden completar su plantilla; por otro lado Am\u00e9rica fue m\u00e1s mesurado, aunque adquiri\u00f3 jugadores de calidad.<\/p>\n<p style=\"text-align: center;\"><span style=\"color: #3366ff;\"><a style=\"color: #3366ff;\" href=\"http:\/\/www.futboltotal.com.mx\/2016\/07\/futbol-estufa-rumbo-al-apertura-2016-altas-bajas-rumores\/\" target=\"_blank\"><strong>LEER M\u00c1S: Futbol de Estufa | Apertura 2016<\/strong><\/a><\/span><\/p>\n<p>Por ello a continuaci\u00f3n, colocamos a los candidatos al t\u00edtulo de la <strong>Liga MX<\/strong>, de acuerdo al plantel y\/o los refuerzos que adquirieron en el reciente verano.<\/p>\n<p><script src=\"\/\/cdn.playbuzz.com\/widget\/feed.js\" type=\"text\/javascript\"><\/script><\/p>\n<div class=\"pb_feed\" data-embed-by=\"d43f3879-83ed-40bc-99d7-fde80605466f\" data-game=\"\/futboltotal\/candidatos-al-t-tulo-de-la-liga-mx\" data-recommend=\"false\" data-game-info=\"false\" data-comments=\"false\">\u00a0<a href=\"http:\/\/www.futboltotal.com.mx\/equipos\/america\/\" target=\"_blank\"><strong>Am\u00e9rica<\/strong> <\/a>| No importa que no haya sido campe\u00f3n de los \u00faltimos tres torneos, las <em>\u00c1guilas<\/em> son uno de los favoritos constantes, por la calidad que hay en su plantel, y en este caso, la llegada de Silvio Romero promete suplir con creces la salida de Dar\u00edo Benedetto, e incluso buscar\u00eda superar la huella que dejaron Salvador Caba\u00f1as y Christian Ben\u00edtez.<\/div>\n<p><a href=\"http:\/\/www.futboltotal.com.mx\/equipos\/guadalajara\/\" target=\"_blank\"><strong>Chivas<\/strong><\/a> | El Guadalajara no repar\u00f3 en gastos para hacerse de dos mediocampistas de gran nivel en la Liga MX: Gallito V\u00e1zquez y N\u00e9stor Calder\u00f3n. Ambos le dar\u00e1n dimensi\u00f3n al ya din\u00e1mico cuadro de Mat\u00edas Almeyda; el \u00fanico hueco sigue siendo la delantera, que tendr\u00e1 que ser bien cubierta por \u00c1ngel Zald\u00edvar y Marco Bueno.<\/p>\n<p><a href=\"http:\/\/www.futboltotal.com.mx\/equipos\/cruz-azul\/\" target=\"_blank\"><strong>Cruz Azul<\/strong><\/a> | Cada torneo ilusionan a su afici\u00f3n con el reto de superar la mala racha sin t\u00edtulos de Liga MX, pero en esta ocasi\u00f3n, se hicieron de refuerzos que conquistaron el continente a nivel de selecci\u00f3n, e incluso uno de ellos, fue quien anot\u00f3 el gol con el que Chile asegur\u00f3 el bicampeonato de Am\u00e9rica.<\/p>\n<p><a href=\"http:\/\/www.futboltotal.com.mx\/equipos\/leon\/\" target=\"_blank\"><strong>Le\u00f3n<\/strong><\/a> | La <em>Fiera<\/em> ya tenia un plantel vasto, y aunque sufri\u00f3 la baja de Jos\u00e9 Juan V\u00e1zquez, llegaron Christian Valdez y Andr\u00e9s Andrade para suplir ese hueco y hasta proponer al equipo, como candidato al t\u00edtulo.<\/p>\n<p><a href=\"http:\/\/www.futboltotal.com.mx\/equipos\/monterrey\/\" target=\"_blank\"><strong>Monterrey<\/strong><\/a> | El subcampe\u00f3n de la Liga MX mantiene un plantel de primer nivel, y seguir\u00e1 compitiendo por el t\u00edtulo, pues sus refuerzos, como Luis Rodr\u00edguez, tienen la calidad que Antonio Mohamed buscaba.<\/p>\n<p><a href=\"http:\/\/www.futboltotal.com.mx\/equipos\/pachuca\/\" target=\"_blank\"><strong>Pachuca<\/strong><\/a> | Los <em>Tuzos<\/em> no fueron campeones por coincidencia, ya que se junt\u00f3 a un pu\u00f1ado de jugadores experimentados, con canteranos que est\u00e1n madurando; por eso ahora decidieron mantener a la base que consigui\u00f3 el t\u00edtulo m\u00e1s incorporaciones j\u00f3venes, como la de Ra\u00fal L\u00f3pez, pueden colaborar a la obtenci\u00f3n del bicampeonato.<\/p>\n<p><a href=\"http:\/\/www.futboltotal.com.mx\/equipos\/tigres\/\" target=\"_blank\"><strong>Tigres<\/strong><\/a> | Los <em>felinos<\/em> siguen acaparando los reflectores, pues no est\u00e1n conformes con tener a una estrella europea como Gignac en sus filas, tambi\u00e9n se renuevan con la llegada de jugadores como Ismael Sosa y Luis Qui\u00f1ones, quienes pueden hacer a\u00fan m\u00e1s peligroso, el ataque de la UANL.<\/p>\n","protected":false},"excerpt":{"rendered":"<p>Estos equipos se reforzaron para pelear por la corona<\/p>\n","protected":false},"author":20,"featured_media":410351,"comment_status":"closed","ping_status":"closed","sticky":false,"template":"","format":"standard","meta":[],"categories":[5,2198,3845],"tags":[5959,6927,70,5962,5965,64,5966,5968,5973],"_links":{"self":[{"href":"http:\/\/desarrollo.grupomedios.com\/futbol\/wp-json\/wp\/v2\/posts\/410350"}],"collection":[{"href":"http:\/\/desarrollo.grupomedios.com\/futbol\/wp-json\/wp\/v2\/posts"}],"about":[{"href":"http:\/\/desarrollo.grupomedios.com\/futbol\/wp-json\/wp\/v2\/types\/post"}],"author":[{"embeddable":true,"href":"http:\/\/desarrollo.grupomedios.com\/futbol\/wp-json\/wp\/v2\/users\/20"}],"replies":[{"embeddable":true,"href":"http:\/\/desarrollo.grupomedios.com\/futbol\/wp-json\/wp\/v2\/comments?post=410350"}],"version-history":[{"count":0,"href":"http:\/\/desarrollo.grupomedios.com\/futbol\/wp-json\/wp\/v2\/posts\/410350\/revisions"}],"wp:featuredmedia":[{"embeddable":true,"href":"http:\/\/desarrollo.grupomedios.com\/futbol\/wp-json\/wp\/v2\/media\/410351"}],"wp:attachment":[{"href":"http:\/\/desarrollo.grupomedios.com\/futbol\/wp-json\/wp\/v2\/media?parent=410350"}],"wp:term":[{"taxonomy":"category","embeddable":true,"href":"http:\/\/desarrollo.grupomedios.com\/futbol\/wp-json\/wp\/v2\/categories?post=410350"},{"taxonomy":"post_tag","embeddable":true,"href":"http:\/\/desarrollo.grupomedios.com\/futbol\/wp-json\/wp\/v2\/tags?post=410350"}],"curies":[{"name":"wp","href":"https:\/\/api.w.org\/{rel}","templated":true}]}}