{"id":410376,"date":"2016-07-12T18:59:05","date_gmt":"2016-07-12T23:59:05","guid":{"rendered":"http:\/\/www.futboltotal.com.mx\/?p=410376"},"modified":"2016-07-12T18:59:05","modified_gmt":"2016-07-12T23:59:05","slug":"liga-mx-extingue-a-porteros-mexicanos","status":"publish","type":"post","link":"http:\/\/desarrollo.grupomedios.com\/futbol\/destacado-home\/liga-mx-extingue-a-porteros-mexicanos\/2016\/07","title":{"rendered":"Liga MX extingue a porteros mexicanos"},"content":{"rendered":"<p>Bajo el amparo de la norma 10\/8, <a href=\"http:\/\/www.futboltotal.com.mx\/2016\/07\/extranjeros-apertura-2016-liga-mx\/\">el <strong>Apertura 2016<\/strong> arrancar\u00e1 con 177 futbolistas <strong>no nacidos en M\u00e9xico<\/strong><\/a>. Una cifra r\u00e9cord. Y s\u00ed, de esc\u00e1ndalo, consecuencia de la flexibilidad que los directivos de la <strong>Liga MX<\/strong> han aplicado al reglamento de competencia.<\/p>\n<p>Sin embargo, las negativas consecuencias no s\u00f3lo se ven reflejadas en el alto n\u00famero de jugadores extranjeros. En ese sentido, cabe destacar que el torneo que est\u00e1 por comenzar contar\u00e1 con la presencia de <strong>10 porteros<\/strong> <strong>no nacidos en M\u00e9xico<\/strong>, superando el r\u00e9cord del Invierno 1997 que tuvo ocho.<\/p>\n<p style=\"text-align: center;\"><span style=\"color: #3366ff;\"><strong><a style=\"color: #3366ff;\" href=\"http:\/\/www.futboltotal.com.mx\/2016\/07\/los-10-mejores-refuerzos-del-apertura-2016\/\">LEER M\u00c1S: Los 10 mejores refuerzos del Apertura 2016<\/a><\/strong><\/span><\/p>\n<p>Para dimensionar lo dram\u00e1tico del tema, valga apuntar que el Clausura 2014 pas\u00f3 a la historia por ser el torneo corto con menos porteros extranjeros, con uno. El argentino -ahora naturalizado mexicano- Federico Vilar fue el \u00fanico guardameta extranjero.<\/p>\n<p>\u00bfM\u00e9xico, cuna de excelent\u00edsimos porteros? No m\u00e1s.<\/p>\n<p>Para el <strong>Apertura 2016<\/strong> llegaron cuatro nuevo porteros extranjeros: el peruano Pedro Gallese, a los <em>Tiburones Rojos<\/em> del Veracruz; el ecuatoriano Alexander Dom\u00ednguez, a <em>Rayados<\/em> de Monterrey; el chileno Mauricio Viana, a <em>Jaguares<\/em> de Chiapas; y el argentino Marcelo Barovero, a los <em>Rayos<\/em> del Necaxa.<\/p>\n<blockquote class=\"twitter-tweet\" data-lang=\"es\">\n<p dir=\"ltr\" lang=\"es\">\u00a1OJO, MUCHO OJO!<\/p>\n<p>Estos son los NUEVOS horarios de la Liga MX: <a href=\"https:\/\/t.co\/D96WLRP0I2\">https:\/\/t.co\/D96WLRP0I2<\/a> <a href=\"https:\/\/t.co\/MCeYW7g9IW\">pic.twitter.com\/MCeYW7g9IW<\/a><\/p>\n<p>\u2014 futboltotal (@futboltotal) <a href=\"https:\/\/twitter.com\/futboltotal\/status\/752986795558645760\">12 de julio de 2016<\/a><\/p><\/blockquote>\n<p><script src=\"\/\/platform.twitter.com\/widgets.js\" async=\"\" charset=\"utf-8\"><\/script><\/p>\n<p>Un dato que ensancha la pol\u00e9mica: los cuatro cancerberos llegan a equipos que el torneo anterior ten\u00edan a un mexicano como guardameta titular.<\/p>\n<p>Los otros seis <strong>porteros no nacidos en M\u00e9xico<\/strong>\u00a0que participar\u00e1n en el <strong>Apertura 2016<\/strong> son: los argentinos Oscar Ustari (Atlas), Cristian Campestrini (Puebla), Agust\u00edn Marches\u00edn (Santos), Nahuel Guzm\u00e1n (Tigres) y Federico Villar (Xolos), as\u00ed como el brasile\u00f1o Tiago Volpi (Quer\u00e9taro).<\/p>\n","protected":false},"excerpt":{"rendered":"<p>El Apertura 2016 contar\u00e1 con 10 porteros no nacidos en M\u00e9xico<\/p>\n","protected":false},"author":20,"featured_media":410378,"comment_status":"closed","ping_status":"closed","sticky":false,"template":"","format":"standard","meta":[],"categories":[5,2198,3845],"tags":[6927],"_links":{"self":[{"href":"http:\/\/desarrollo.grupomedios.com\/futbol\/wp-json\/wp\/v2\/posts\/410376"}],"collection":[{"href":"http:\/\/desarrollo.grupomedios.com\/futbol\/wp-json\/wp\/v2\/posts"}],"about":[{"href":"http:\/\/desarrollo.grupomedios.com\/futbol\/wp-json\/wp\/v2\/types\/post"}],"author":[{"embeddable":true,"href":"http:\/\/desarrollo.grupomedios.com\/futbol\/wp-json\/wp\/v2\/users\/20"}],"replies":[{"embeddable":true,"href":"http:\/\/desarrollo.grupomedios.com\/futbol\/wp-json\/wp\/v2\/comments?post=410376"}],"version-history":[{"count":0,"href":"http:\/\/desarrollo.grupomedios.com\/futbol\/wp-json\/wp\/v2\/posts\/410376\/revisions"}],"wp:featuredmedia":[{"embeddable":true,"href":"http:\/\/desarrollo.grupomedios.com\/futbol\/wp-json\/wp\/v2\/media\/410378"}],"wp:attachment":[{"href":"http:\/\/desarrollo.grupomedios.com\/futbol\/wp-json\/wp\/v2\/media?parent=410376"}],"wp:term":[{"taxonomy":"category","embeddable":true,"href":"http:\/\/desarrollo.grupomedios.com\/futbol\/wp-json\/wp\/v2\/categories?post=410376"},{"taxonomy":"post_tag","embeddable":true,"href":"http:\/\/desarrollo.grupomedios.com\/futbol\/wp-json\/wp\/v2\/tags?post=410376"}],"curies":[{"name":"wp","href":"https:\/\/api.w.org\/{rel}","templated":true}]}}