{"id":410377,"date":"2016-07-12T19:13:05","date_gmt":"2016-07-13T00:13:05","guid":{"rendered":"http:\/\/www.futboltotal.com.mx\/?p=410377"},"modified":"2016-07-12T19:13:05","modified_gmt":"2016-07-13T00:13:05","slug":"los-5-refuerzos-una-incognita","status":"publish","type":"post","link":"http:\/\/desarrollo.grupomedios.com\/futbol\/destacado-home\/los-5-refuerzos-una-incognita\/2016\/07","title":{"rendered":"Los 5 refuerzos que son una inc\u00f3gnita"},"content":{"rendered":"<p>Pese a que los equipos a\u00fan pueden hacer contrataciones en el mercado extranjero, con el inicio de la <a href=\"http:\/\/www.futboltotal.com.mx\/futbol-mexicano\/\" target=\"_blank\"><strong>Liga MX<\/strong><\/a> se ve dif\u00edcil que arriben numerosos jugadores para disputar el <strong>Apertura 2016<\/strong>. De cara al torneo, hay futbolistas que <a href=\"http:\/\/www.futboltotal.com.mx\/2016\/07\/los-10-mejores-refuerzos-del-apertura-2016\/\" target=\"_blank\">acaparan los reflectores<\/a> por su pasado o por la calidad que prometen, pero los siguientes cinco elementos causan incertidumbre entre el p\u00fablico.<\/p>\n<p><span style=\"color: #800000;\"><strong>Sa\u00fal Berj\u00f3n (Pumas)<\/strong><\/span> | Si bien se trata de un delantero espa\u00f1ol procedente del Eibar, el hecho de haber debutado en Primera Divisi\u00f3n en 2014 siendo que tiene 30 a\u00f1os de edad, adem\u00e1s de sumar \u00fanicamente ocho goles en m\u00e1s de 50 partidos, preocupa a los seguidores <em>auriazules<\/em>, pues saben que el equipo termin\u00f3 debilitado tras la salida de Ismael Sosa, Luis Qui\u00f1ones y Daniel Ludue\u00f1a.<\/p>\n<p><a href=\"http:\/\/www.futboltotal.com.mx\/wp-content\/uploads\/2016\/07\/chivas-liga-mx-apertura-2016-noticias-1.jpg\"><img decoding=\"async\" loading=\"lazy\" class=\"alignnone size-full wp-image-410381\" src=\"http:\/\/www.futboltotal.com.mx\/wp-content\/uploads\/2016\/07\/chivas-liga-mx-apertura-2016-noticias-1.jpg\" alt=\"chivas-liga-mx-apertura-2016-noticias-1\" srcset=\"http:\/\/desarrollo.grupomedios.com\/futbol\/wp-content\/uploads\/2016\/07\/chivas-liga-mx-apertura-2016-noticias-1.jpg 858w, http:\/\/desarrollo.grupomedios.com\/futbol\/wp-content\/uploads\/2016\/07\/chivas-liga-mx-apertura-2016-noticias-1-300x151.jpg 300w, http:\/\/desarrollo.grupomedios.com\/futbol\/wp-content\/uploads\/2016\/07\/chivas-liga-mx-apertura-2016-noticias-1-768x386.jpg 768w, http:\/\/desarrollo.grupomedios.com\/futbol\/wp-content\/uploads\/2016\/07\/chivas-liga-mx-apertura-2016-noticias-1-340x171.jpg 340w\" sizes=\"(max-width: 858px) 100vw, 858px\" \/><\/a><\/p>\n<p><span style=\"color: #800000;\"><strong>Antonio Pedroza (Toluca)<\/strong><\/span> | Aunque s\u00f3lo tiene 25 primaveras, el ariete ya es un verdadero trotamundos. De nada ayuda que en su paso por Herediano de Costa Rica \u00fanicamente se adjudicara cuatro anotaciones en 24 compromisos.<\/p>\n<p><span style=\"color: #800000;\"><strong>Jonathan Cristaldo (Cruz Azul)<\/strong><\/span> | El argentino recuerda a Alemao, ya que tambi\u00e9n se ilusion\u00f3 por arribar a la <em>M\u00e1quina<\/em>, pero al igual que el brasile\u00f1o, sus estad\u00edstica no lo respaldan como un refuerzo que ilusione a los seguidores <em>celestes<\/em>, porque se trata de un atacante que tuvo una participaci\u00f3n irregular con Palmeiras y lo cual dio como resultado cuatro anotaciones en 10 encuentros&#8230; en lo que va de 2016.<\/p>\n<blockquote class=\"twitter-tweet\" data-lang=\"es\">\n<p dir=\"ltr\" lang=\"es\">Vel\u00e1zquez, Silva, Roco, Cristaldo, Aldrete y Garc\u00eda. \u00a1Se ponen la Azul! <a href=\"https:\/\/twitter.com\/hashtag\/azulestodo?src=hash\">#azulestodo<\/a> <a href=\"https:\/\/t.co\/7YTCzsyX0x\">pic.twitter.com\/7YTCzsyX0x<\/a><\/p>\n<p>\u2014 CRUZ AZUL FC \u00ae (@Cruz_Azul_FC) <a href=\"https:\/\/twitter.com\/Cruz_Azul_FC\/status\/752893930874675203\">12 de julio de 2016<\/a><\/p><\/blockquote>\n<p><script src=\"\/\/platform.twitter.com\/widgets.js\" async=\"\" charset=\"utf-8\"><\/script><\/p>\n<p><span style=\"color: #800000;\"><strong>Alexander Mej\u00eda (Le\u00f3n)<\/strong> <\/span>| En el futbol colombiano, el volante es un verdadero <em>crack<\/em>, pero mientras estuvo en Monterrey (Clausura 2015) decepcion\u00f3 al no poderse acoplarse al equipo. Tras triunfar en el Atl\u00e9tico Nacional, la <em>Fiera<\/em> le dar\u00e1 su segunda oportunidad.<\/p>\n<p><span style=\"color: #800000;\"><strong>Marco Bueno (Chivas)<\/strong> <\/span>| Con la salida de Omar Bravo, el joven tendr\u00e1 m\u00e1s oportunidad para mostrarse, pero su inexperiencia provoca incertidumbre pues deber\u00e1 tomar el rol de referente ofensivo.<\/p>\n<p><span style=\"color: #ff0000;\"><strong>VIDEO<\/strong>: Los 10 mejores refuerzos del Apertura 2016<\/span><\/p>\n<p>[video_player]https:\/\/player.vimeo.com\/external\/174428608.sd.mp4?s=87d51c71eaeeccdcf288b4a2ca5f5712c93c5baa&amp;profile_id=165[\/video_player]<\/p>\n","protected":false},"excerpt":{"rendered":"<p>Estos jugadores causan incertidumbre entre la afici\u00f3n <\/p>\n","protected":false},"author":20,"featured_media":410379,"comment_status":"closed","ping_status":"closed","sticky":false,"template":"","format":"standard","meta":[],"categories":[5,2198,3845],"tags":[64],"_links":{"self":[{"href":"http:\/\/desarrollo.grupomedios.com\/futbol\/wp-json\/wp\/v2\/posts\/410377"}],"collection":[{"href":"http:\/\/desarrollo.grupomedios.com\/futbol\/wp-json\/wp\/v2\/posts"}],"about":[{"href":"http:\/\/desarrollo.grupomedios.com\/futbol\/wp-json\/wp\/v2\/types\/post"}],"author":[{"embeddable":true,"href":"http:\/\/desarrollo.grupomedios.com\/futbol\/wp-json\/wp\/v2\/users\/20"}],"replies":[{"embeddable":true,"href":"http:\/\/desarrollo.grupomedios.com\/futbol\/wp-json\/wp\/v2\/comments?post=410377"}],"version-history":[{"count":0,"href":"http:\/\/desarrollo.grupomedios.com\/futbol\/wp-json\/wp\/v2\/posts\/410377\/revisions"}],"wp:featuredmedia":[{"embeddable":true,"href":"http:\/\/desarrollo.grupomedios.com\/futbol\/wp-json\/wp\/v2\/media\/410379"}],"wp:attachment":[{"href":"http:\/\/desarrollo.grupomedios.com\/futbol\/wp-json\/wp\/v2\/media?parent=410377"}],"wp:term":[{"taxonomy":"category","embeddable":true,"href":"http:\/\/desarrollo.grupomedios.com\/futbol\/wp-json\/wp\/v2\/categories?post=410377"},{"taxonomy":"post_tag","embeddable":true,"href":"http:\/\/desarrollo.grupomedios.com\/futbol\/wp-json\/wp\/v2\/tags?post=410377"}],"curies":[{"name":"wp","href":"https:\/\/api.w.org\/{rel}","templated":true}]}}