{"id":410383,"date":"2016-07-12T19:25:44","date_gmt":"2016-07-13T00:25:44","guid":{"rendered":"http:\/\/www.futboltotal.com.mx\/?p=410383"},"modified":"2016-07-12T19:25:44","modified_gmt":"2016-07-13T00:25:44","slug":"maquina-recargada-apertura-2016","status":"publish","type":"post","link":"http:\/\/desarrollo.grupomedios.com\/futbol\/futbol-mexicano\/maquina-recargada-apertura-2016\/2016\/07","title":{"rendered":"Cruz Azul tiene maquinaria de refuerzos"},"content":{"rendered":"<p>Con optimismo renovado en hacer cosas importantes durante el Torneo <strong>Apertura 2016<\/strong> de la <strong>Liga MX<\/strong>, la directiva de<strong> Cruz Azul<\/strong> present\u00f3 este martes a sus seis refuerzos para encarar el a\u00f1o futbol\u00edstico que viene.<\/p>\n<p>En acto encabezado por el presidente de <strong>Cruz Azul<\/strong>, Guillermo \u00c1lvarez, y el director deportivo de la instituci\u00f3n, Eduardo de la Torre, en las instalaciones del equipo en La Noria, se dio la bienvenida a los nuevos integrantes celestes.<\/p>\n<p style=\"text-align: center;\"><a href=\"http:\/\/www.futboltotal.com.mx\/2016\/07\/los-5-refuerzos-una-incognita\/\"><span style=\"color: #3366ff;\"><strong>LEER M\u00c1S: Cinco refuerzos que son una inc\u00f3gnita<\/strong><\/span><\/a><\/p>\n<p style=\"text-align: center;\"><a href=\"http:\/\/www.futboltotal.com.mx\/wp-content\/uploads\/2016\/07\/Refuerzo-Cruz-Azl-A2016.jpg\"><img decoding=\"async\" loading=\"lazy\" class=\"alignnone size-full wp-image-410386\" src=\"http:\/\/www.futboltotal.com.mx\/wp-content\/uploads\/2016\/07\/Refuerzo-Cruz-Azl-A2016.jpg\" alt=\"Refuerzo-Cruz-Azl-A2016\" srcset=\"http:\/\/desarrollo.grupomedios.com\/futbol\/wp-content\/uploads\/2016\/07\/Refuerzo-Cruz-Azl-A2016.jpg 858w, http:\/\/desarrollo.grupomedios.com\/futbol\/wp-content\/uploads\/2016\/07\/Refuerzo-Cruz-Azl-A2016-300x151.jpg 300w, http:\/\/desarrollo.grupomedios.com\/futbol\/wp-content\/uploads\/2016\/07\/Refuerzo-Cruz-Azl-A2016-768x386.jpg 768w, http:\/\/desarrollo.grupomedios.com\/futbol\/wp-content\/uploads\/2016\/07\/Refuerzo-Cruz-Azl-A2016-340x171.jpg 340w\" sizes=\"(max-width: 858px) 100vw, 858px\" \/><\/a><\/p>\n<p>Jes\u00fas Garc\u00eda, Adri\u00e1n Aldrete, los argentinos Jonathan Cristaldo y Juli\u00e1n Vel\u00e1zquez, as\u00ed como a los chilenos Francisco Silva y Enzo Roco posaron con la playera <em>celeste<\/em>\u00a0y luego salieron a la cancha para continuar con la pr\u00e1ctica.<\/p>\n<p>En su oportunidad, De la Torre asegur\u00f3 que a estos seis elementos, junto con los tres que subieron de las fuerzas b\u00e1sicas, se les va a exigir de la misma manera que a los que continuaron en <strong>Cruz Azul<\/strong>.<\/p>\n<p>Tambi\u00e9n celebr\u00f3 haber apuntalado las posiciones en las cuales m\u00e1s necesitaba el club: \u201cAl final quedamos muy satisfechos, se traen jugadores que en la planeaci\u00f3n y las posiciones necesit\u00e1bamos reforzar, se cumpli\u00f3\u201d.<\/p>\n<p>Asimismo, dio a conocer que todos est\u00e1n disponibles para jugar en la fecha uno, aunque Cristaldo y Roco a\u00fan no cuentan con sus visas de trabajo; sin embargo, conf\u00eda que estar\u00e1n en regla para el duelo de este s\u00e1bado contra Necaxa, con el cual arrancar\u00e1n el Apertura 2016.<\/p>\n","protected":false},"excerpt":{"rendered":"<p>Los celestes presentaron flamantes contrataciones para el Apertura 2016 <\/p>\n","protected":false},"author":20,"featured_media":410385,"comment_status":"closed","ping_status":"closed","sticky":false,"template":"","format":"standard","meta":[],"categories":[2198,3845,5950],"tags":[6927,5962],"_links":{"self":[{"href":"http:\/\/desarrollo.grupomedios.com\/futbol\/wp-json\/wp\/v2\/posts\/410383"}],"collection":[{"href":"http:\/\/desarrollo.grupomedios.com\/futbol\/wp-json\/wp\/v2\/posts"}],"about":[{"href":"http:\/\/desarrollo.grupomedios.com\/futbol\/wp-json\/wp\/v2\/types\/post"}],"author":[{"embeddable":true,"href":"http:\/\/desarrollo.grupomedios.com\/futbol\/wp-json\/wp\/v2\/users\/20"}],"replies":[{"embeddable":true,"href":"http:\/\/desarrollo.grupomedios.com\/futbol\/wp-json\/wp\/v2\/comments?post=410383"}],"version-history":[{"count":0,"href":"http:\/\/desarrollo.grupomedios.com\/futbol\/wp-json\/wp\/v2\/posts\/410383\/revisions"}],"wp:featuredmedia":[{"embeddable":true,"href":"http:\/\/desarrollo.grupomedios.com\/futbol\/wp-json\/wp\/v2\/media\/410385"}],"wp:attachment":[{"href":"http:\/\/desarrollo.grupomedios.com\/futbol\/wp-json\/wp\/v2\/media?parent=410383"}],"wp:term":[{"taxonomy":"category","embeddable":true,"href":"http:\/\/desarrollo.grupomedios.com\/futbol\/wp-json\/wp\/v2\/categories?post=410383"},{"taxonomy":"post_tag","embeddable":true,"href":"http:\/\/desarrollo.grupomedios.com\/futbol\/wp-json\/wp\/v2\/tags?post=410383"}],"curies":[{"name":"wp","href":"https:\/\/api.w.org\/{rel}","templated":true}]}}