{"id":410400,"date":"2016-07-12T20:57:19","date_gmt":"2016-07-13T01:57:19","guid":{"rendered":"http:\/\/www.futboltotal.com.mx\/?p=410400"},"modified":"2016-07-12T20:57:19","modified_gmt":"2016-07-13T01:57:19","slug":"puebla-cambia-escudo-armadura","status":"publish","type":"post","link":"http:\/\/desarrollo.grupomedios.com\/futbol\/futbol-mexicano\/puebla-cambia-escudo-armadura\/2016\/07","title":{"rendered":"Puebla cambia de escudo y armadura"},"content":{"rendered":"<p>A tres d\u00edas para que ruede el bal\u00f3n en la<strong> Liga MX<\/strong>, el<strong> Puebla<\/strong> dio la a gran sorpresa y present\u00f3\u00a0los tres uniformes que utilizar\u00e1 durante el certamen y el nuevo escudo que lucir\u00e1 en el<strong> Apertura 2016<\/strong>.<\/p>\n<p><script src=\"\/\/platform.twitter.com\/widgets.js\" async=\"\" charset=\"utf-8\"><\/script>Despu\u00e9s de haber logrado la permanencia en el pasado certamen, los poblanos iniciar\u00e1n el el pr\u00f3ximo semestre con br\u00edos renovados y para ello decidieron redise\u00f1ar el emblema de la entidad, el cual ya no tendr\u00e1 la tradicional franja como sello de identidad. Tampoco mantendr\u00e1 el nombre de Puebla F.C. y ahora ser\u00e1 <strong>Club Puebla<\/strong>.<\/p>\n<p><a href=\"http:\/\/www.futboltotal.com.mx\/2016\/07\/los-5-refuerzos-una-incognita\/\"><span style=\"color: #3366ff;\"><strong>LEER M\u00c1S: Cinco refuerzos que son una inc\u00f3gnita en el A2016<\/strong><\/span><\/a><\/p>\n<blockquote class=\"twitter-tweet\" data-lang=\"es\"><p>\nNUESTRA HISTORIA CONTINUA, NUEVO ESCUDO <a href=\"https:\/\/twitter.com\/hashtag\/TuPueblaTuHistoria?src=hash\">#TuPueblaTuHistoria<\/a> <a href=\"https:\/\/t.co\/fPXHpdMxxu\">pic.twitter.com\/fPXHpdMxxu<\/a><\/p>\n<p>\u2014 Club Puebla (@PueblaFC) <a href=\"https:\/\/twitter.com\/PueblaFC\/status\/753023253665296384\">13 de julio de 2016<\/a>\n<\/p><\/blockquote>\n<p>Asimismo presentaron la tercia de indumentarias -gris, azul y blanca- de la mano de toda la plantilla del club, cuya principal caracter\u00edstica es contar con un dise\u00f1o de cuello tipo &#8220;V&#8221; as\u00ed como con la tradicional franja en la parte frontal, y los uniformes de porteros.<\/p>\n<blockquote class=\"twitter-tweet\" data-lang=\"es\"><p>\nNuevo uniforme del Club Puebla \u270c\ufe0f <a href=\"https:\/\/twitter.com\/hashtag\/TuPueblaTuHistoria?src=hash\">#TuPueblaTuHistoria<\/a> <a href=\"https:\/\/t.co\/LTR74L9M9U\">pic.twitter.com\/LTR74L9M9U<\/a><\/p>\n<p>\u2014 Club Puebla (@PueblaFC) <a href=\"https:\/\/twitter.com\/PueblaFC\/status\/753023420837744641\">13 de julio de 2016<\/a>\n<\/p><\/blockquote>\n<p><script src=\"\/\/platform.twitter.com\/widgets.js\" async=\"\" charset=\"utf-8\"><\/script><\/p>\n<blockquote class=\"twitter-tweet\" data-lang=\"es\">\n<p dir=\"ltr\" lang=\"es\">Les presentamos la nueva piel que portar\u00e1n nuestros guardametas con orgullo! <a href=\"https:\/\/twitter.com\/hashtag\/TuPueblaTuHistoria?src=hash\">#TuPueblaTuHistoria<\/a> <a href=\"https:\/\/t.co\/yUXM2X8TBa\">pic.twitter.com\/yUXM2X8TBa<\/a><\/p>\n<p>\u2014 Club Puebla (@PueblaFC) <a href=\"https:\/\/twitter.com\/PueblaFC\/status\/753023675255828480\">13 de julio de 2016<\/a><\/p><\/blockquote>\n<p><script src=\"\/\/platform.twitter.com\/widgets.js\" async=\"\" charset=\"utf-8\"><\/script><\/p>\n","protected":false},"excerpt":{"rendered":"<p>La Franja tiene nueva identidad a partir del Apertura 2016 <\/p>\n","protected":false},"author":20,"featured_media":410411,"comment_status":"closed","ping_status":"closed","sticky":false,"template":"","format":"standard","meta":[],"categories":[2198,3845,5950],"tags":[64,5969],"_links":{"self":[{"href":"http:\/\/desarrollo.grupomedios.com\/futbol\/wp-json\/wp\/v2\/posts\/410400"}],"collection":[{"href":"http:\/\/desarrollo.grupomedios.com\/futbol\/wp-json\/wp\/v2\/posts"}],"about":[{"href":"http:\/\/desarrollo.grupomedios.com\/futbol\/wp-json\/wp\/v2\/types\/post"}],"author":[{"embeddable":true,"href":"http:\/\/desarrollo.grupomedios.com\/futbol\/wp-json\/wp\/v2\/users\/20"}],"replies":[{"embeddable":true,"href":"http:\/\/desarrollo.grupomedios.com\/futbol\/wp-json\/wp\/v2\/comments?post=410400"}],"version-history":[{"count":0,"href":"http:\/\/desarrollo.grupomedios.com\/futbol\/wp-json\/wp\/v2\/posts\/410400\/revisions"}],"wp:featuredmedia":[{"embeddable":true,"href":"http:\/\/desarrollo.grupomedios.com\/futbol\/wp-json\/wp\/v2\/media\/410411"}],"wp:attachment":[{"href":"http:\/\/desarrollo.grupomedios.com\/futbol\/wp-json\/wp\/v2\/media?parent=410400"}],"wp:term":[{"taxonomy":"category","embeddable":true,"href":"http:\/\/desarrollo.grupomedios.com\/futbol\/wp-json\/wp\/v2\/categories?post=410400"},{"taxonomy":"post_tag","embeddable":true,"href":"http:\/\/desarrollo.grupomedios.com\/futbol\/wp-json\/wp\/v2\/tags?post=410400"}],"curies":[{"name":"wp","href":"https:\/\/api.w.org\/{rel}","templated":true}]}}