{"id":410413,"date":"2016-07-12T21:40:31","date_gmt":"2016-07-13T02:40:31","guid":{"rendered":"http:\/\/www.futboltotal.com.mx\/?p=410413"},"modified":"2016-07-13T13:58:45","modified_gmt":"2016-07-13T18:58:45","slug":"america-presenta-uniforme-centenario","status":"publish","type":"post","link":"http:\/\/desarrollo.grupomedios.com\/futbol\/futbol-mexicano\/america-presenta-uniforme-centenario\/2016\/07","title":{"rendered":"Am\u00e9rica presenta uniforme centenario"},"content":{"rendered":"<p>El <strong>Club Am\u00e9rica<\/strong> sigue a toda vela con los festejos en el marco de su centenario y la noche de este martes present\u00f3 de la mano de la plantilla estelar, los dos flamantes uniformes que utilizar\u00e1 en el pr\u00f3ximo torneo <strong>Apertura 2016<\/strong>.<\/p>\n<p style=\"text-align: center;\"><span style=\"color: #3366ff;\"><strong><a style=\"color: #3366ff;\" href=\"http:\/\/www.futboltotal.com.mx\/2016\/07\/los-5-refuerzos-una-incognita\/\">LEER M\u00c1S: Cinco refuerzos que son una inc\u00f3gnita\u00a0<\/a><\/strong><\/span><\/p>\n<blockquote class=\"twitter-tweet\" data-lang=\"es\">\n<p dir=\"ltr\" lang=\"es\">\u00a1Nuestro nuevo plumaje! Este escudo significa mucho&#8230; significa todo&#8230; significa <a href=\"https:\/\/twitter.com\/hashtag\/100A%C3%B1osDeGrandeza?src=hash\">#100A\u00f1osDeGrandeza<\/a> <a href=\"https:\/\/t.co\/IXf2lCBVif\">pic.twitter.com\/IXf2lCBVif<\/a><\/p>\n<p>\u2014 Club Am\u00e9rica (@ClubAmerica) <a href=\"https:\/\/twitter.com\/ClubAmerica\/status\/753052302563344385\">13 de julio de 2016<\/a><\/p><\/blockquote>\n<p><script src=\"\/\/platform.twitter.com\/widgets.js\" async=\"\" charset=\"utf-8\"><\/script><\/p>\n<p>Las <em>\u00c1guilas\u00a0<\/em>contar\u00e1n con el tradicional uniforme de local en color crema, cuya principal novedad es un degradado radial en el \u00faltimo tercio de la el\u00e1stica en color blanco, as\u00ed como una franja en los costados y una l\u00ednea alrededor del cuello redondo en tono azul. El club vestir\u00e1 de corto con una indumentaria blanca y las medias ser\u00e1n en color crema.<\/p>\n<p><a href=\"http:\/\/www.futboltotal.com.mx\/wp-content\/uploads\/2016\/07\/ame2.jpg\"><img decoding=\"async\" loading=\"lazy\" class=\"alignnone size-full wp-image-410420\" src=\"http:\/\/www.futboltotal.com.mx\/wp-content\/uploads\/2016\/07\/ame2.jpg\" alt=\"ame2\" srcset=\"http:\/\/desarrollo.grupomedios.com\/futbol\/wp-content\/uploads\/2016\/07\/ame2.jpg 539w, http:\/\/desarrollo.grupomedios.com\/futbol\/wp-content\/uploads\/2016\/07\/ame2-238x300.jpg 238w\" sizes=\"(max-width: 539px) 100vw, 539px\" \/><\/a><\/p>\n<p>El jersey de aniversario es el alternativo, mismo que ser\u00e1 en color guinda y con detalles en color crema en el escudo conmemorativo. El logotipo de la firma que lo confecciona, al igual que una franja en los costados. En tanto, el pantaloncillo tambi\u00e9n ser\u00e1 de color blanco y lo complementar\u00e1n calcetas en el mismo tono.<\/p>\n<p><a href=\"http:\/\/www.futboltotal.com.mx\/wp-content\/uploads\/2016\/07\/uniforme-2.jpg\"><img decoding=\"async\" loading=\"lazy\" class=\"size-full wp-image-410415 aligncenter\" src=\"http:\/\/www.futboltotal.com.mx\/wp-content\/uploads\/2016\/07\/uniforme-2.jpg\" alt=\"uniforme 2\" srcset=\"http:\/\/desarrollo.grupomedios.com\/futbol\/wp-content\/uploads\/2016\/07\/uniforme-2.jpg 350w, http:\/\/desarrollo.grupomedios.com\/futbol\/wp-content\/uploads\/2016\/07\/uniforme-2-150x150.jpg 150w, http:\/\/desarrollo.grupomedios.com\/futbol\/wp-content\/uploads\/2016\/07\/uniforme-2-300x300.jpg 300w\" sizes=\"(max-width: 350px) 100vw, 350px\" \/><\/a><\/p>\n<p>En cuanto a los uniformes de portero ser\u00e1n en color rosa y a partir de la noche de este martes ya est\u00e1n disponibles en la tienda del club,situada a las afueras del estadio Azteca y en los pr\u00f3ximos d\u00edas la afici\u00f3n podr\u00e1 comprarla en las principales tiendas deportivas del pa\u00eds.<\/p>\n","protected":false},"excerpt":{"rendered":"<p>Las \u00c1guilas tendr\u00e1n flamante plumaje en el Apertura 2016 <\/p>\n","protected":false},"author":20,"featured_media":410419,"comment_status":"closed","ping_status":"closed","sticky":false,"template":"","format":"standard","meta":[],"categories":[2198,3845,5950],"tags":[5959,6927,64],"_links":{"self":[{"href":"http:\/\/desarrollo.grupomedios.com\/futbol\/wp-json\/wp\/v2\/posts\/410413"}],"collection":[{"href":"http:\/\/desarrollo.grupomedios.com\/futbol\/wp-json\/wp\/v2\/posts"}],"about":[{"href":"http:\/\/desarrollo.grupomedios.com\/futbol\/wp-json\/wp\/v2\/types\/post"}],"author":[{"embeddable":true,"href":"http:\/\/desarrollo.grupomedios.com\/futbol\/wp-json\/wp\/v2\/users\/20"}],"replies":[{"embeddable":true,"href":"http:\/\/desarrollo.grupomedios.com\/futbol\/wp-json\/wp\/v2\/comments?post=410413"}],"version-history":[{"count":0,"href":"http:\/\/desarrollo.grupomedios.com\/futbol\/wp-json\/wp\/v2\/posts\/410413\/revisions"}],"wp:featuredmedia":[{"embeddable":true,"href":"http:\/\/desarrollo.grupomedios.com\/futbol\/wp-json\/wp\/v2\/media\/410419"}],"wp:attachment":[{"href":"http:\/\/desarrollo.grupomedios.com\/futbol\/wp-json\/wp\/v2\/media?parent=410413"}],"wp:term":[{"taxonomy":"category","embeddable":true,"href":"http:\/\/desarrollo.grupomedios.com\/futbol\/wp-json\/wp\/v2\/categories?post=410413"},{"taxonomy":"post_tag","embeddable":true,"href":"http:\/\/desarrollo.grupomedios.com\/futbol\/wp-json\/wp\/v2\/tags?post=410413"}],"curies":[{"name":"wp","href":"https:\/\/api.w.org\/{rel}","templated":true}]}}