{"id":410428,"date":"2016-07-13T10:50:12","date_gmt":"2016-07-13T15:50:12","guid":{"rendered":"http:\/\/www.futboltotal.com.mx\/?p=410428"},"modified":"2016-07-13T17:02:21","modified_gmt":"2016-07-13T22:02:21","slug":"410428fabian-admite-diferencias-con-niko-kovac","status":"publish","type":"post","link":"http:\/\/desarrollo.grupomedios.com\/futbol\/destacado-home\/410428fabian-admite-diferencias-con-niko-kovac\/2016\/07","title":{"rendered":"Fabi\u00e1n tuvo diferencias con DT del Eintracht"},"content":{"rendered":"<p>La estad\u00eda de <strong>Marco Fabi\u00e1n<\/strong> en el <strong>Eintracht Frankfurt<\/strong> no ha sido sencilla bajo la gesti\u00f3n del entrenador <strong> Niko Kovac<\/strong>, quien relev\u00f3 al holand\u00e9s Armin Veh el pasado mes de marzo. A partir de entonces el mediocampista mexicano , fichado a principios del 2016 a cambio de 3.7 millones de euros, ha tenido que luchar por un puesto titular m\u00e1s de la cuenta y en el d\u00eda a d\u00eda ha tenido una serie de diferencias deportivas con el DT croata.<\/p>\n<p>&#8220;No ha sido f\u00e1cil estar en Alemania. Me ha costado y para ser honesto fue dif\u00edcil, porque he tenido diferencias deportivas con el entrenador&#8221;, apunt\u00f3 Fabi\u00e1n, quien marc\u00f3 en d\u00edas pasados su primer tanto de la pretemporada en un goleada de esc\u00e1ndalo.<\/p>\n<p style=\"text-align: center;\"><span style=\"color: #3366ff;\"><strong><a style=\"color: #3366ff;\" href=\"http:\/\/www.futboltotal.com.mx\/futbol-internacional\/mexicanos-en-europa\/\">LEER M\u00c1S: Todas las noticias de mexicanos en Europa\u00a0<\/a><\/strong><\/span><\/p>\n<blockquote class=\"twitter-tweet\" data-lang=\"es\">\n<p dir=\"ltr\" lang=\"de\">Weiter geht&#8217;s : <a href=\"https:\/\/twitter.com\/MarcoFabian_10\">@MarcoFabian_10<\/a> im Pressegespr\u00e4ch. <a href=\"https:\/\/twitter.com\/hashtag\/SGE?src=hash\">#SGE<\/a> <a href=\"https:\/\/t.co\/RsB2GZ56So\">pic.twitter.com\/RsB2GZ56So<\/a><\/p>\n<p>\u2014 Eintracht Frankfurt (@Eintracht) <a href=\"https:\/\/twitter.com\/Eintracht\/status\/753203323893866496\">13 de julio de 2016<\/a><\/p><\/blockquote>\n<p><script src=\"\/\/platform.twitter.com\/widgets.js\" async=\"\" charset=\"utf-8\"><\/script><br \/>\nA cualquier tipo de diferencia con el estratega, Fabi\u00e1n quiere darle carpetazo y admiti\u00f3 que si algo quiere hacer en la pr\u00f3xima temporada 2016-17 es hacer todo lo posible para no repetir la historia que vivi\u00f3 en el ocaso de la campa\u00f1a pasada, cuando tras la llegada de <strong>Kovac<\/strong> perdi\u00f3 la titularidad que le gan\u00f3 con Armin Veh y acab\u00f3 disputando tres de los \u00faltimos nueve partidos de la Bundesliga.<\/p>\n","protected":false},"excerpt":{"rendered":"<p>El mexicano se\u00f1al\u00f3 que trabaja duro para ganar la titularidad <\/p>\n","protected":false},"author":20,"featured_media":410432,"comment_status":"closed","ping_status":"closed","sticky":false,"template":"","format":"standard","meta":[],"categories":[5,3839,6718,5951],"tags":[3588,131],"_links":{"self":[{"href":"http:\/\/desarrollo.grupomedios.com\/futbol\/wp-json\/wp\/v2\/posts\/410428"}],"collection":[{"href":"http:\/\/desarrollo.grupomedios.com\/futbol\/wp-json\/wp\/v2\/posts"}],"about":[{"href":"http:\/\/desarrollo.grupomedios.com\/futbol\/wp-json\/wp\/v2\/types\/post"}],"author":[{"embeddable":true,"href":"http:\/\/desarrollo.grupomedios.com\/futbol\/wp-json\/wp\/v2\/users\/20"}],"replies":[{"embeddable":true,"href":"http:\/\/desarrollo.grupomedios.com\/futbol\/wp-json\/wp\/v2\/comments?post=410428"}],"version-history":[{"count":0,"href":"http:\/\/desarrollo.grupomedios.com\/futbol\/wp-json\/wp\/v2\/posts\/410428\/revisions"}],"wp:featuredmedia":[{"embeddable":true,"href":"http:\/\/desarrollo.grupomedios.com\/futbol\/wp-json\/wp\/v2\/media\/410432"}],"wp:attachment":[{"href":"http:\/\/desarrollo.grupomedios.com\/futbol\/wp-json\/wp\/v2\/media?parent=410428"}],"wp:term":[{"taxonomy":"category","embeddable":true,"href":"http:\/\/desarrollo.grupomedios.com\/futbol\/wp-json\/wp\/v2\/categories?post=410428"},{"taxonomy":"post_tag","embeddable":true,"href":"http:\/\/desarrollo.grupomedios.com\/futbol\/wp-json\/wp\/v2\/tags?post=410428"}],"curies":[{"name":"wp","href":"https:\/\/api.w.org\/{rel}","templated":true}]}}