{"id":410431,"date":"2016-07-13T11:03:26","date_gmt":"2016-07-13T16:03:26","guid":{"rendered":"http:\/\/www.futboltotal.com.mx\/?p=410431"},"modified":"2016-07-13T11:22:17","modified_gmt":"2016-07-13T16:22:17","slug":"gillette-rinde-homenaje-a-los-atletas-rio-2016","status":"publish","type":"post","link":"http:\/\/desarrollo.grupomedios.com\/futbol\/cambio-de-juego\/gillette-rinde-homenaje-a-los-atletas-rio-2016\/2016\/07","title":{"rendered":"Gillette rinde homenaje a los atletas de R\u00edo 2016"},"content":{"rendered":"<p>A poco menos de un mes para que comiencen los <strong>Juegos Ol\u00edmpicos de R\u00edo 2016<\/strong>, la marca de cuidado personal masculino, <strong>Gillette<\/strong>, present\u00f3 su nueva campa\u00f1a llamada Lo perfecto no es bonito, con la que impulsar\u00e1n la marca en las pr\u00f3ximas competencias.<\/p>\n<p>La campa\u00f1a cuenta como principal protagonista a uno de los embajadores de la marca: Neymar Jr. En el video tambi\u00e9n aparecen Aston Eaton (Estados Unidos, decatl\u00f3n), Ning Zetao (China, nataci\u00f3n estilo libre) y Andy Tennant (Gran Breta\u00f1a, ciclismo de persecuci\u00f3n por equipos).<\/p>\n<blockquote class=\"twitter-tweet\" data-lang=\"es\">\n<p dir=\"ltr\" lang=\"und\">\u26bd <a href=\"https:\/\/t.co\/eWHnqB7yZi\">pic.twitter.com\/eWHnqB7yZi<\/a><\/p>\n<p>\u2014 Neymar Jr (@neymarjr) <a href=\"https:\/\/twitter.com\/neymarjr\/status\/752978660865503232\">12 de julio de 2016<\/a><\/p><\/blockquote>\n<p><script src=\"\/\/platform.twitter.com\/widgets.js\" async=\"\" charset=\"utf-8\"><\/script><\/p>\n<p>La nueva cinta de <strong>Gillette<\/strong> centra su atenci\u00f3n en el agotador trayecto que los atletas deben enfrentar durante su proceso de entrenamiento al momento de mostrar las duras y frecuentemente luchas cotidianas, combinadas con los sacrificios que hacen cada atleta para buscar la perfecci\u00f3n.<\/p>\n<p><iframe loading=\"lazy\" src=\"https:\/\/www.youtube.com\/embed\/xRXfevLDZBc?feature=oembed\" frameborder=\"0\" allowfullscreen><\/iframe><\/p>\n<p>\u201cCreo que es dif\u00edcil para la gente entender el compromiso total y absoluto de los atletas para perfeccionar su deporte y volverse lo m\u00e1s precisos posible en su ejecuci\u00f3n\u201d, dijo Neymar Jr. \u201cNos comprometemos plenamente en perfeccionar nuestras habilidades durante el entrenamiento, con el fin de alcanzar nuestro objetivo final que es competir en los <strong>Juegos Ol\u00edmpicos<\/strong>. Y es incre\u00edble que <strong>Gillette<\/strong> haya querido destacar esa parte del trayecto: no s\u00f3lo el brillo y el glamour, sino lo que realmente implica llegar al mayor escenario en el mundo del deporte. Me siento honrado de ser parte de algo que muestra lo que realmente ocurre tras bambalinas en el periodo previo a los <strong>Juegos Ol\u00edmpicos<\/strong>\u201d.<\/p>\n<p style=\"text-align: center;\"><span style=\"color: #3366ff;\">LEER M\u00c1S:\u00a0<a style=\"color: #3366ff;\" href=\"http:\/\/www.futboltotal.com.mx\/2016\/07\/las-sorpresas-la-temporada-2015-16\/\">LAS SORPRESAS DE LA TEMPORADA 2015-16<\/a><\/span><\/p>\n<p style=\"text-align: left;\"><strong>DETR\u00c1S DE C\u00c1MARAS<\/strong><\/p>\n<p><iframe loading=\"lazy\" src=\"https:\/\/www.youtube.com\/embed\/9uEIYQRmC9g?feature=oembed\" frameborder=\"0\" allowfullscreen><\/iframe><\/p>\n","protected":false},"excerpt":{"rendered":"<p>La marca mostrar\u00e1 la lucha de cada atleta para competir en R\u00edo 2016<\/p>\n","protected":false},"author":20,"featured_media":410436,"comment_status":"closed","ping_status":"closed","sticky":false,"template":"","format":"standard","meta":[],"categories":[5419,7182,7188],"tags":[6001,5664],"_links":{"self":[{"href":"http:\/\/desarrollo.grupomedios.com\/futbol\/wp-json\/wp\/v2\/posts\/410431"}],"collection":[{"href":"http:\/\/desarrollo.grupomedios.com\/futbol\/wp-json\/wp\/v2\/posts"}],"about":[{"href":"http:\/\/desarrollo.grupomedios.com\/futbol\/wp-json\/wp\/v2\/types\/post"}],"author":[{"embeddable":true,"href":"http:\/\/desarrollo.grupomedios.com\/futbol\/wp-json\/wp\/v2\/users\/20"}],"replies":[{"embeddable":true,"href":"http:\/\/desarrollo.grupomedios.com\/futbol\/wp-json\/wp\/v2\/comments?post=410431"}],"version-history":[{"count":0,"href":"http:\/\/desarrollo.grupomedios.com\/futbol\/wp-json\/wp\/v2\/posts\/410431\/revisions"}],"wp:featuredmedia":[{"embeddable":true,"href":"http:\/\/desarrollo.grupomedios.com\/futbol\/wp-json\/wp\/v2\/media\/410436"}],"wp:attachment":[{"href":"http:\/\/desarrollo.grupomedios.com\/futbol\/wp-json\/wp\/v2\/media?parent=410431"}],"wp:term":[{"taxonomy":"category","embeddable":true,"href":"http:\/\/desarrollo.grupomedios.com\/futbol\/wp-json\/wp\/v2\/categories?post=410431"},{"taxonomy":"post_tag","embeddable":true,"href":"http:\/\/desarrollo.grupomedios.com\/futbol\/wp-json\/wp\/v2\/tags?post=410431"}],"curies":[{"name":"wp","href":"https:\/\/api.w.org\/{rel}","templated":true}]}}