{"id":410447,"date":"2016-07-13T13:17:58","date_gmt":"2016-07-13T18:17:58","guid":{"rendered":"http:\/\/www.futboltotal.com.mx\/?p=410447"},"modified":"2016-07-13T13:20:01","modified_gmt":"2016-07-13T18:20:01","slug":"alcalde-rio-le-pide-a-nintendo-lleve-pokemon-go-los-juegos-olimpicos","status":"publish","type":"post","link":"http:\/\/desarrollo.grupomedios.com\/futbol\/no-todo-es-futbol\/alcalde-rio-le-pide-a-nintendo-lleve-pokemon-go-los-juegos-olimpicos\/2016\/07","title":{"rendered":"Piden Pokemon Go para Juegos Ol\u00edmpicos"},"content":{"rendered":"<p>El alcalde de <strong>R\u00edo de Janeiro<\/strong>, Eduardo Paes, pidi\u00f3 hoy a la compa\u00f1\u00eda japonesa <strong>Nintendo<\/strong> que lleve el videojuego de aventura de &#8220;realidad aumentada&#8221; <strong>Pokemon Go<\/strong> hasta Brasil con motivo de los <strong>Juegos Ol\u00edmpicos 2016<\/strong> que comienzan el pr\u00f3ximo 5 de agosto.<\/p>\n<p>&#8220;Al\u00f3, Nintendo! Faltan 23 d\u00edas para los <strong>Ol\u00edmpicos de R\u00edo 2016<\/strong>. Todo el mundo est\u00e1 viniendo hac\u00eda aqu\u00ed. Venga usted tambi\u00e9n&#8221;, afirm\u00f3 Paes a trav\u00e9s de una red social.<\/p>\n<p><iframe loading=\"lazy\" style=\"border: none; overflow: hidden;\" src=\"https:\/\/www.facebook.com\/plugins\/post.php?href=https%3A%2F%2Fwww.facebook.com%2FeduardopaesRJ%2Fposts%2F1112591698807648%3A0&amp;width=500\" frameborder=\"0\" scrolling=\"no\"><\/iframe><\/p>\n<p>El alcalde de R\u00edo hizo un gui\u00f1o al <strong>Pokemon Go<\/strong>, un videojuego desarrollado por <em>Niantic Inc<\/em>. y distribuido por <strong>Nintendo<\/strong> que ha causado furor en Estados Unidos, donde se ha convertido en todo un fen\u00f3meno.<\/p>\n<p>El videojuego utiliza la realidad aumentada para que los <strong>Pokemon<\/strong> corran libres por las calles de la ciudad y sean atrapados por los usuarios mediante el uso de sus tel\u00e9fonos m\u00f3viles.<\/p>\n<p style=\"text-align: center;\"><span style=\"color: #3366ff;\"><a style=\"color: #3366ff;\" href=\"http:\/\/www.futboltotal.com.mx\/2016\/07\/la-fiebre-pokemon-go-llega-a-la-liga-mx\/\" target=\"_blank\"><strong>LEER M\u00c1S: Liga MX se une a la fiebre de Pokemon Go<\/strong><\/a><\/span><\/p>\n<p>El juego utiliza el sistema de posicionamiento global del tel\u00e9fono inteligente del usuario, as\u00ed como su reloj, para detectar d\u00f3nde y cu\u00e1ndo est\u00e1 el jugador en la vida real y dentro del juego, para hacer &#8220;aparecer&#8221; un personaje de <strong>Pokemon<\/strong> cerca de \u00e9l, que se ve en la pantalla del tel\u00e9fono.<\/p>\n<p>En su publicaci\u00f3n en Facebook, Paes simul\u00f3 la llegada del videojuego a <strong>R\u00edo de Janeiro<\/strong> y coloc\u00f3 diferentes pokemons en lugares emblem\u00e1ticos de la &#8220;Ciudad Maravilhosa&#8221;, como la playa de Ipanema, el Museo do Amanh\u00e3 o las instalaciones ol\u00edmpicas.<\/p>\n<p><span style=\"color: #ff0000;\"><strong>VIDEO<\/strong>: Agenda de TV de la jornada 1<\/span><\/p>\n<p>[video_player]https:\/\/player.vimeo.com\/external\/174419446.sd.mp4?s=5b1f13b09a7ea2b7944eded0922eee84e3b55834&amp;profile_id=165[\/video_player]<\/p>\n","protected":false},"excerpt":{"rendered":"<p>Alcalde de R\u00edo de Janeiro hace petici\u00f3n a Nintendo<\/p>\n","protected":false},"author":144,"featured_media":410451,"comment_status":"closed","ping_status":"closed","sticky":false,"template":"","format":"standard","meta":[],"categories":[5419,7182,5418,6411],"tags":[5460,1911,7255,5771,7254],"_links":{"self":[{"href":"http:\/\/desarrollo.grupomedios.com\/futbol\/wp-json\/wp\/v2\/posts\/410447"}],"collection":[{"href":"http:\/\/desarrollo.grupomedios.com\/futbol\/wp-json\/wp\/v2\/posts"}],"about":[{"href":"http:\/\/desarrollo.grupomedios.com\/futbol\/wp-json\/wp\/v2\/types\/post"}],"author":[{"embeddable":true,"href":"http:\/\/desarrollo.grupomedios.com\/futbol\/wp-json\/wp\/v2\/users\/144"}],"replies":[{"embeddable":true,"href":"http:\/\/desarrollo.grupomedios.com\/futbol\/wp-json\/wp\/v2\/comments?post=410447"}],"version-history":[{"count":0,"href":"http:\/\/desarrollo.grupomedios.com\/futbol\/wp-json\/wp\/v2\/posts\/410447\/revisions"}],"wp:featuredmedia":[{"embeddable":true,"href":"http:\/\/desarrollo.grupomedios.com\/futbol\/wp-json\/wp\/v2\/media\/410451"}],"wp:attachment":[{"href":"http:\/\/desarrollo.grupomedios.com\/futbol\/wp-json\/wp\/v2\/media?parent=410447"}],"wp:term":[{"taxonomy":"category","embeddable":true,"href":"http:\/\/desarrollo.grupomedios.com\/futbol\/wp-json\/wp\/v2\/categories?post=410447"},{"taxonomy":"post_tag","embeddable":true,"href":"http:\/\/desarrollo.grupomedios.com\/futbol\/wp-json\/wp\/v2\/tags?post=410447"}],"curies":[{"name":"wp","href":"https:\/\/api.w.org\/{rel}","templated":true}]}}