{"id":410489,"date":"2016-07-13T15:21:46","date_gmt":"2016-07-13T20:21:46","guid":{"rendered":"http:\/\/www.futboltotal.com.mx\/?p=410489"},"modified":"2016-07-13T15:21:46","modified_gmt":"2016-07-13T20:21:46","slug":"ivan-piris-nuevo-jugador-del-monterrey","status":"publish","type":"post","link":"http:\/\/desarrollo.grupomedios.com\/futbol\/futbol-mexicano\/ivan-piris-nuevo-jugador-del-monterrey\/2016\/07","title":{"rendered":"Iv\u00e1n Piris, nuevo jugador del Monterrey"},"content":{"rendered":"<p>Despu\u00e9s que se cayera la negociaci\u00f3n con el argentino Gabriel Mercado, <a href=\"http:\/\/futboltotal.com.mx\/equipos\/monterrey\/\" target=\"_blank\"><strong>Monterrey<\/strong><\/a> ten\u00eda la urgencia de encontrar a un lateral derecho. Luego de desechar alg\u00fan jugador de fuerzas b\u00e1sicas, los <em>Rayados<\/em> apretaron la marcha para firmar al paraguayo <strong>Iv\u00e1n Piris<\/strong>.<\/p>\n<p>El zaguero llega procedente del Udinese de la Serie A, con lo cual termina su traves\u00eda por Europa que dur\u00f3 cuatro a\u00f1os, tiempo en el que pas\u00f3 por Roma, Sporting de Lisboa y el <em>Calcio<\/em>.<\/p>\n<blockquote class=\"twitter-tweet\" data-lang=\"es\">\n<p dir=\"ltr\" lang=\"es\">\u00a1Bienvenido a la <a href=\"https:\/\/twitter.com\/hashtag\/FamiliaRayada?src=hash\">#FamiliaRayada<\/a>, Iv\u00e1n Piris! \u26aa <a href=\"https:\/\/t.co\/dHHqrr5NFo\">https:\/\/t.co\/dHHqrr5NFo<\/a> <a href=\"https:\/\/t.co\/zkn7HFi0b0\">pic.twitter.com\/zkn7HFi0b0<\/a><\/p>\n<p>\u2014 Rayados Oficial (@Rayados) <a href=\"https:\/\/twitter.com\/Rayados\/status\/753315359558606848\">13 de julio de 2016<\/a><\/p><\/blockquote>\n<p><script src=\"\/\/platform.twitter.com\/widgets.js\" async=\"\" charset=\"utf-8\"><\/script><\/p>\n<p>Con la incorporaci\u00f3n de <strong>Iv\u00e1n Piris<\/strong>, <strong>Monterrey<\/strong> se pone como uno de los clubes con m\u00e1s no nacidos en M\u00e9xico con un total de 11 siendo ocho extranjeros y tres naturalizados.<\/p>\n<blockquote class=\"twitter-tweet\" data-lang=\"es\"><p>\n\u00a1Conoce m\u00e1s de Iv\u00e1n Piris, nuevo integrante de la <a href=\"https:\/\/twitter.com\/hashtag\/FamiliaRayada?src=hash\">#FamiliaRayada<\/a>! <a href=\"https:\/\/t.co\/2QIdQ1B3Ka\">https:\/\/t.co\/2QIdQ1B3Ka<\/a> \u26aa <a href=\"https:\/\/t.co\/qyQLRgHEyA\">pic.twitter.com\/qyQLRgHEyA<\/a><\/p>\n<p>\u2014 Rayados Oficial (@Rayados) <a href=\"https:\/\/twitter.com\/Rayados\/status\/753321704877940737\">13 de julio de 2016<\/a>\n<\/p><\/blockquote>\n<p><script src=\"\/\/platform.twitter.com\/widgets.js\" async=\"\" charset=\"utf-8\"><\/script><\/p>\n<p><span style=\"color: #ff0000;\"><strong>VIDEO<\/strong>: Agenda de TV de la jornada 1<\/span><\/p>\n<p>[video_player]https:\/\/player.vimeo.com\/external\/174419446.sd.mp4?s=5b1f13b09a7ea2b7944eded0922eee84e3b55834&amp;profile_id=165[\/video_player]<\/p>\n","protected":false},"excerpt":{"rendered":"<p>El lateral derecho llega procedente del Udinese <\/p>\n","protected":false},"author":20,"featured_media":410490,"comment_status":"closed","ping_status":"closed","sticky":false,"template":"","format":"standard","meta":[],"categories":[2198,3845,5950],"tags":[5966],"_links":{"self":[{"href":"http:\/\/desarrollo.grupomedios.com\/futbol\/wp-json\/wp\/v2\/posts\/410489"}],"collection":[{"href":"http:\/\/desarrollo.grupomedios.com\/futbol\/wp-json\/wp\/v2\/posts"}],"about":[{"href":"http:\/\/desarrollo.grupomedios.com\/futbol\/wp-json\/wp\/v2\/types\/post"}],"author":[{"embeddable":true,"href":"http:\/\/desarrollo.grupomedios.com\/futbol\/wp-json\/wp\/v2\/users\/20"}],"replies":[{"embeddable":true,"href":"http:\/\/desarrollo.grupomedios.com\/futbol\/wp-json\/wp\/v2\/comments?post=410489"}],"version-history":[{"count":0,"href":"http:\/\/desarrollo.grupomedios.com\/futbol\/wp-json\/wp\/v2\/posts\/410489\/revisions"}],"wp:featuredmedia":[{"embeddable":true,"href":"http:\/\/desarrollo.grupomedios.com\/futbol\/wp-json\/wp\/v2\/media\/410490"}],"wp:attachment":[{"href":"http:\/\/desarrollo.grupomedios.com\/futbol\/wp-json\/wp\/v2\/media?parent=410489"}],"wp:term":[{"taxonomy":"category","embeddable":true,"href":"http:\/\/desarrollo.grupomedios.com\/futbol\/wp-json\/wp\/v2\/categories?post=410489"},{"taxonomy":"post_tag","embeddable":true,"href":"http:\/\/desarrollo.grupomedios.com\/futbol\/wp-json\/wp\/v2\/tags?post=410489"}],"curies":[{"name":"wp","href":"https:\/\/api.w.org\/{rel}","templated":true}]}}