{"id":410494,"date":"2016-07-13T15:58:35","date_gmt":"2016-07-13T20:58:35","guid":{"rendered":"http:\/\/www.futboltotal.com.mx\/?p=410494"},"modified":"2016-07-22T11:18:14","modified_gmt":"2016-07-22T16:18:14","slug":"oribe-peralta-compartio-medalla-la-seleccion-mexicana-sub-23-del-potro","status":"publish","type":"post","link":"http:\/\/desarrollo.grupomedios.com\/futbol\/destacado-home\/oribe-peralta-compartio-medalla-la-seleccion-mexicana-sub-23-del-potro\/2016\/07","title":{"rendered":"\u00a1Detallazo de Oribe Peralta con el TRI Ol\u00edmpico!"},"content":{"rendered":"<p>Del 11 al 13 de julio, <strong>Ra\u00fal<\/strong> <em>el Potro<\/em> <strong>Guti\u00e9rrez<\/strong> concentr\u00f3 a los futbolistas que integrar\u00e1n el plantel de la <a href=\"http:\/\/www.futboltotal.com.mx\/futbol-mexicano\/seleccion-mexicana\/\" target=\"_blank\"><strong>Selecci\u00f3n Mexicana Sub-23<\/strong><\/a>, que participar\u00e1 en los <strong>Juegos Ol\u00edmpicos de R\u00edo de Janeiro<\/strong>, y tras finalizar la reuni\u00f3n en el Centro de Alto Rendimiento, comparti\u00f3 a la prensa que est\u00e1 feliz con el grupo que form\u00f3, principalmente, por la calidad humana que tienen todos.<\/p>\n<p><a href=\"http:\/\/www.futboltotal.com.mx\/wp-content\/uploads\/2016\/07\/frase-potro-gutierrez-1.jpg\"><img decoding=\"async\" loading=\"lazy\" class=\"alignnone size-full wp-image-410496\" src=\"http:\/\/www.futboltotal.com.mx\/wp-content\/uploads\/2016\/07\/frase-potro-gutierrez-1.jpg\" alt=\"frase-potro-gutierrez\" srcset=\"http:\/\/desarrollo.grupomedios.com\/futbol\/wp-content\/uploads\/2016\/07\/frase-potro-gutierrez-1.jpg 858w, http:\/\/desarrollo.grupomedios.com\/futbol\/wp-content\/uploads\/2016\/07\/frase-potro-gutierrez-1-300x251.jpg 300w, http:\/\/desarrollo.grupomedios.com\/futbol\/wp-content\/uploads\/2016\/07\/frase-potro-gutierrez-1-768x644.jpg 768w\" sizes=\"(max-width: 858px) 100vw, 858px\" \/><\/a><\/p>\n<p style=\"text-align: center;\"><span style=\"color: #3366ff;\"><a style=\"color: #3366ff;\" href=\"http:\/\/www.futboltotal.com.mx\/2016\/07\/apertura-2016-candidatos-al-titulo-la-liga-mx\/\" target=\"_blank\"><strong>LEER M\u00c1S: Candidatos al t\u00edtulo del Apertura 2016<\/strong><\/a><\/span><\/p>\n<p><strong>Ra\u00fal Guti\u00e9rrez<\/strong> explic\u00f3 que los tres refuerzos aportan mucho no s\u00f3lo deportiva sino de forma personal a los integrantes de la convocatoria, en ese contexto, cabe destacar que <strong>Oribe Peralta<\/strong> tuvo un gesto especial hacia la generaci\u00f3n que dirige el <em>Potro<\/em>, pues les mostr\u00f3 la medalla de Oro que obtuvo en los Juegos Ol\u00edmpicos de Londres 2012.<\/p>\n<p>&#8220;Contar con tipos de una calidad humana tan clara como son <strong>Oribe Peralta<\/strong>, Alfredo Talavera y Jorge Torres Nilo, es un plus. Es un aspecto fundamental para lo que pretend\u00edamos y ese detalle que tuvo de ense\u00f1arnos la Medalla y la posibilidad de tenerla tan cerca, nos ilusiona. Es un logro cre\u00edble y que \u00e9l nos comente esa experiencia, es invaluable para un grupo. Estamos muy contentos&#8221;, explic\u00f3 <strong>Ra\u00fal Guti\u00e9rrez<\/strong>.<\/p>\n<p><span style=\"color: #ff0000;\"><strong>VIDEO<\/strong>: Agenda de TV de la jornada 1<\/span><\/p>\n<p>[video_player]https:\/\/player.vimeo.com\/external\/174419446.sd.mp4?s=5b1f13b09a7ea2b7944eded0922eee84e3b55834&amp;profile_id=165[\/video_player]<\/p>\n","protected":false},"excerpt":{"rendered":"<p>El azulcrema mostr\u00f3 la medalla a seleccionados del Potro<\/p>\n","protected":false},"author":20,"featured_media":410497,"comment_status":"closed","ping_status":"closed","sticky":false,"template":"","format":"standard","meta":[],"categories":[7269,5,2198,7186,7182,3847],"tags":[142,62],"_links":{"self":[{"href":"http:\/\/desarrollo.grupomedios.com\/futbol\/wp-json\/wp\/v2\/posts\/410494"}],"collection":[{"href":"http:\/\/desarrollo.grupomedios.com\/futbol\/wp-json\/wp\/v2\/posts"}],"about":[{"href":"http:\/\/desarrollo.grupomedios.com\/futbol\/wp-json\/wp\/v2\/types\/post"}],"author":[{"embeddable":true,"href":"http:\/\/desarrollo.grupomedios.com\/futbol\/wp-json\/wp\/v2\/users\/20"}],"replies":[{"embeddable":true,"href":"http:\/\/desarrollo.grupomedios.com\/futbol\/wp-json\/wp\/v2\/comments?post=410494"}],"version-history":[{"count":0,"href":"http:\/\/desarrollo.grupomedios.com\/futbol\/wp-json\/wp\/v2\/posts\/410494\/revisions"}],"wp:featuredmedia":[{"embeddable":true,"href":"http:\/\/desarrollo.grupomedios.com\/futbol\/wp-json\/wp\/v2\/media\/410497"}],"wp:attachment":[{"href":"http:\/\/desarrollo.grupomedios.com\/futbol\/wp-json\/wp\/v2\/media?parent=410494"}],"wp:term":[{"taxonomy":"category","embeddable":true,"href":"http:\/\/desarrollo.grupomedios.com\/futbol\/wp-json\/wp\/v2\/categories?post=410494"},{"taxonomy":"post_tag","embeddable":true,"href":"http:\/\/desarrollo.grupomedios.com\/futbol\/wp-json\/wp\/v2\/tags?post=410494"}],"curies":[{"name":"wp","href":"https:\/\/api.w.org\/{rel}","templated":true}]}}