{"id":410495,"date":"2016-07-21T11:35:21","date_gmt":"2016-07-21T16:35:21","guid":{"rendered":"http:\/\/www.futboltotal.com.mx\/?p=410495"},"modified":"2016-07-21T11:39:34","modified_gmt":"2016-07-21T16:39:34","slug":"mexicanos-europa-cambio-destino","status":"publish","type":"post","link":"http:\/\/desarrollo.grupomedios.com\/futbol\/futbol-internacional\/mexicanos-europa-cambio-destino\/2016\/07","title":{"rendered":"Mexicanos en Europa | \u00bfCambiar\u00e1n de club?"},"content":{"rendered":"<p>Despu\u00e9s de haber concluido la temporada 2015-16 y la participaci\u00f3n de algunos en la Copa Am\u00e9rica Centenario, existe la posiblidad de que algunos de los\u00a0<strong>mexicanos<\/strong> que militan en <strong>Europa<\/strong> salgan en busca de un nuevo destino en los clubes europeos.<\/p>\n<p>En el <em>Viejo Continente<\/em> algunos equipos han colocado a varios jugadores <em>aztecas<\/em>\u00a0en la agenda de posibles contrataciones, entre ellos el mexicano H\u00e9ctor Herrera, por quien el Napoli mantiene contactos con el Porto para tratar de ficharlo.\u00a0\u00bfAlgunos de ellos se mover\u00e1 de club?<\/p>\n<p style=\"text-align: center;\"><strong><a href=\"http:\/\/www.futboltotal.com.mx\/futbol-internacional\/mexicanos-en-europa\/\">LEER M\u00c1S: Todas las noticias de mexicanos en Europa<\/a><\/strong><\/p>\n<p>En <em>Futbol Total<\/em>\u00a0 los tendremos bajo la lupa y te mantendremos al tanto sobre las posibles opciones que tengan para jugar en otro equipo.<\/p>\n<p><img decoding=\"async\" loading=\"lazy\" class=\"alignnone size-full wp-image-410500\" src=\"http:\/\/www.futboltotal.com.mx\/wp-content\/uploads\/2016\/07\/Banner-Vela-1.jpg\" alt=\"Banner-Vela (1)\" srcset=\"http:\/\/desarrollo.grupomedios.com\/futbol\/wp-content\/uploads\/2016\/07\/Banner-Vela-1.jpg 859w, http:\/\/desarrollo.grupomedios.com\/futbol\/wp-content\/uploads\/2016\/07\/Banner-Vela-1-300x35.jpg 300w, http:\/\/desarrollo.grupomedios.com\/futbol\/wp-content\/uploads\/2016\/07\/Banner-Vela-1-768x89.jpg 768w, http:\/\/desarrollo.grupomedios.com\/futbol\/wp-content\/uploads\/2016\/07\/Banner-Vela-1-858x100.jpg 858w\" sizes=\"(max-width: 859px) 100vw, 859px\" \/><\/p>\n<p><span style=\"color: #800000;\"><strong>Contrato hasta:\u00a0<\/strong><\/span>Junio 2018<\/p>\n<p><span style=\"color: #800000;\"><strong>Valor en el mercado:\u00a0<\/strong><\/span>15 MDE<\/p>\n<p><span style=\"color: #800000;\"><strong>Rumores:\u00a0<\/strong><\/span>Chicago Fire, Colorado Rapids<\/p>\n<p><img decoding=\"async\" loading=\"lazy\" class=\"alignnone size-full wp-image-410501\" src=\"http:\/\/www.futboltotal.com.mx\/wp-content\/uploads\/2016\/07\/ochoa-banner.jpg\" alt=\"ochoa banner\" srcset=\"http:\/\/desarrollo.grupomedios.com\/futbol\/wp-content\/uploads\/2016\/07\/ochoa-banner.jpg 859w, http:\/\/desarrollo.grupomedios.com\/futbol\/wp-content\/uploads\/2016\/07\/ochoa-banner-300x35.jpg 300w, http:\/\/desarrollo.grupomedios.com\/futbol\/wp-content\/uploads\/2016\/07\/ochoa-banner-768x89.jpg 768w, http:\/\/desarrollo.grupomedios.com\/futbol\/wp-content\/uploads\/2016\/07\/ochoa-banner-858x100.jpg 858w\" sizes=\"(max-width: 859px) 100vw, 859px\" \/><\/p>\n<p><span style=\"color: #800000;\"><strong>Contrato hasta:\u00a0<\/strong><\/span>Junio 2017<\/p>\n<p><strong><span style=\"color: #800000;\">Valor en el mercado:<\/span>\u00a0<\/strong>3 MDE<\/p>\n<p><strong><span style=\"color: #800000;\">Rumores:<\/span>\u00a0<\/strong>Granada<strong>,\u00a0<\/strong>Toulouse,\u00a0Girondins de Bordeaux<\/p>\n<p><img decoding=\"async\" loading=\"lazy\" class=\"alignnone size-full wp-image-410502\" src=\"http:\/\/www.futboltotal.com.mx\/wp-content\/uploads\/2016\/07\/Herrera-banner.jpg\" alt=\"Herrera banner\" srcset=\"http:\/\/desarrollo.grupomedios.com\/futbol\/wp-content\/uploads\/2016\/07\/Herrera-banner.jpg 859w, http:\/\/desarrollo.grupomedios.com\/futbol\/wp-content\/uploads\/2016\/07\/Herrera-banner-300x35.jpg 300w, http:\/\/desarrollo.grupomedios.com\/futbol\/wp-content\/uploads\/2016\/07\/Herrera-banner-768x89.jpg 768w, http:\/\/desarrollo.grupomedios.com\/futbol\/wp-content\/uploads\/2016\/07\/Herrera-banner-858x100.jpg 858w\" sizes=\"(max-width: 859px) 100vw, 859px\" \/><\/p>\n<p><strong><span style=\"color: #800000;\">Contrato hasta:<\/span> <\/strong>Junio 2019<\/p>\n<p><span style=\"color: #800000;\"><strong>Valor en el mercado: <\/strong><\/span>16 MDE<\/p>\n<p><strong><span style=\"color: #800000;\">Rumores:<\/span> <\/strong>Napoli, Liverpool<\/p>\n<p><img decoding=\"async\" loading=\"lazy\" class=\"alignnone size-full wp-image-410503\" src=\"http:\/\/www.futboltotal.com.mx\/wp-content\/uploads\/2016\/07\/Layun-banner.jpg\" alt=\"Layun banner\" srcset=\"http:\/\/desarrollo.grupomedios.com\/futbol\/wp-content\/uploads\/2016\/07\/Layun-banner.jpg 859w, http:\/\/desarrollo.grupomedios.com\/futbol\/wp-content\/uploads\/2016\/07\/Layun-banner-300x35.jpg 300w, http:\/\/desarrollo.grupomedios.com\/futbol\/wp-content\/uploads\/2016\/07\/Layun-banner-768x89.jpg 768w, http:\/\/desarrollo.grupomedios.com\/futbol\/wp-content\/uploads\/2016\/07\/Layun-banner-858x100.jpg 858w\" sizes=\"(max-width: 859px) 100vw, 859px\" \/><\/p>\n<p><span style=\"color: #800000;\"><strong>Contrato hasta: <\/strong><\/span>Desconocido<\/p>\n<p><span style=\"color: #800000;\"><strong>Valor en el mercado: <\/strong><\/span>7 MDE<\/p>\n<p><span style=\"color: #800000;\"><strong>Rumores: <\/strong><\/span>Ninguno<\/p>\n<p><img decoding=\"async\" loading=\"lazy\" class=\"alignnone size-full wp-image-410504\" src=\"http:\/\/www.futboltotal.com.mx\/wp-content\/uploads\/2016\/07\/Tecatito.jpg\" alt=\"Tecatito\" srcset=\"http:\/\/desarrollo.grupomedios.com\/futbol\/wp-content\/uploads\/2016\/07\/Tecatito.jpg 859w, http:\/\/desarrollo.grupomedios.com\/futbol\/wp-content\/uploads\/2016\/07\/Tecatito-300x35.jpg 300w, http:\/\/desarrollo.grupomedios.com\/futbol\/wp-content\/uploads\/2016\/07\/Tecatito-768x89.jpg 768w, http:\/\/desarrollo.grupomedios.com\/futbol\/wp-content\/uploads\/2016\/07\/Tecatito-858x100.jpg 858w\" sizes=\"(max-width: 859px) 100vw, 859px\" \/><\/p>\n<p><strong><span style=\"color: #800000;\">Contrato hasta:<\/span> <\/strong>Junio 2020<\/p>\n<p><strong><span style=\"color: #800000;\">Valor en el mercado:<\/span> <\/strong>10 MDE<\/p>\n<p><span style=\"color: #800000;\"><strong>Rumores: <\/strong><\/span>Ninguno<\/p>\n<p><img decoding=\"async\" loading=\"lazy\" class=\"alignnone size-full wp-image-410506\" src=\"http:\/\/www.futboltotal.com.mx\/wp-content\/uploads\/2016\/07\/Diego-reyes.jpg\" alt=\"Diego-reyes\" srcset=\"http:\/\/desarrollo.grupomedios.com\/futbol\/wp-content\/uploads\/2016\/07\/Diego-reyes.jpg 859w, http:\/\/desarrollo.grupomedios.com\/futbol\/wp-content\/uploads\/2016\/07\/Diego-reyes-300x35.jpg 300w, http:\/\/desarrollo.grupomedios.com\/futbol\/wp-content\/uploads\/2016\/07\/Diego-reyes-768x89.jpg 768w, http:\/\/desarrollo.grupomedios.com\/futbol\/wp-content\/uploads\/2016\/07\/Diego-reyes-858x100.jpg 858w\" sizes=\"(max-width: 859px) 100vw, 859px\" \/><\/p>\n<p><strong><span style=\"color: #800000;\">Contrato hasta:<\/span> <\/strong>Junio 2018<\/p>\n<p><span style=\"color: #800000;\"><strong>Valor en el mercado: <\/strong><\/span>4 MDE<\/p>\n<p><strong><span style=\"color: #800000;\">Rumores:<\/span> <\/strong>Real Sociedad (compra definitiva)<\/p>\n<p><img decoding=\"async\" loading=\"lazy\" class=\"alignnone size-full wp-image-410507\" src=\"http:\/\/www.futboltotal.com.mx\/wp-content\/uploads\/2016\/07\/Gudino.jpg\" alt=\"Gudino\" srcset=\"http:\/\/desarrollo.grupomedios.com\/futbol\/wp-content\/uploads\/2016\/07\/Gudino.jpg 859w, http:\/\/desarrollo.grupomedios.com\/futbol\/wp-content\/uploads\/2016\/07\/Gudino-300x35.jpg 300w, http:\/\/desarrollo.grupomedios.com\/futbol\/wp-content\/uploads\/2016\/07\/Gudino-768x89.jpg 768w, http:\/\/desarrollo.grupomedios.com\/futbol\/wp-content\/uploads\/2016\/07\/Gudino-858x100.jpg 858w\" sizes=\"(max-width: 859px) 100vw, 859px\" \/><\/p>\n<p><span style=\"color: #800000;\"><strong>Contrato hasta: <\/strong><\/span>Junio 2020<\/p>\n<p><span style=\"color: #800000;\"><strong>Valor en el mercado: <\/strong><\/span>1 mill\u00f3n de\u00a0euros<\/p>\n<p><strong><span style=\"color: #800000;\">Rumores:<\/span> <\/strong>Union Madeira (sesi\u00f3n por seis meses)<\/p>\n<p><img decoding=\"async\" loading=\"lazy\" class=\"alignnone size-full wp-image-410513\" src=\"http:\/\/www.futboltotal.com.mx\/wp-content\/uploads\/2016\/07\/Raul.jpg\" alt=\"Raul\" srcset=\"http:\/\/desarrollo.grupomedios.com\/futbol\/wp-content\/uploads\/2016\/07\/Raul.jpg 859w, http:\/\/desarrollo.grupomedios.com\/futbol\/wp-content\/uploads\/2016\/07\/Raul-300x35.jpg 300w, http:\/\/desarrollo.grupomedios.com\/futbol\/wp-content\/uploads\/2016\/07\/Raul-768x89.jpg 768w, http:\/\/desarrollo.grupomedios.com\/futbol\/wp-content\/uploads\/2016\/07\/Raul-858x100.jpg 858w\" sizes=\"(max-width: 859px) 100vw, 859px\" \/><\/p>\n<p><strong><span style=\"color: #800000;\">Contrato hasta:<\/span> <\/strong>Junio 2020<\/p>\n<p><span style=\"color: #800000;\"><strong>Valor en el mercado:<\/strong><\/span> 8 MDE<\/p>\n<p><strong><span style=\"color: #800000;\">Rumores:<\/span> <\/strong>Ninguno<\/p>\n<p><img decoding=\"async\" loading=\"lazy\" class=\"alignnone size-full wp-image-410514\" src=\"http:\/\/www.futboltotal.com.mx\/wp-content\/uploads\/2016\/07\/Guardado.jpg\" alt=\"Guardado\" srcset=\"http:\/\/desarrollo.grupomedios.com\/futbol\/wp-content\/uploads\/2016\/07\/Guardado.jpg 859w, http:\/\/desarrollo.grupomedios.com\/futbol\/wp-content\/uploads\/2016\/07\/Guardado-300x35.jpg 300w, http:\/\/desarrollo.grupomedios.com\/futbol\/wp-content\/uploads\/2016\/07\/Guardado-768x89.jpg 768w, http:\/\/desarrollo.grupomedios.com\/futbol\/wp-content\/uploads\/2016\/07\/Guardado-858x100.jpg 858w\" sizes=\"(max-width: 859px) 100vw, 859px\" \/><\/p>\n<p><span style=\"color: #800000;\"><strong>Contrato hasta: <\/strong><\/span>Junio 2018<\/p>\n<p><strong><span style=\"color: #800000;\">Valor en el mercado:<\/span> <\/strong>8 MDE<\/p>\n<p><strong><span style=\"color: #800000;\">Rumores:<\/span> <\/strong>Atlas, MLS<\/p>\n<p><img decoding=\"async\" loading=\"lazy\" class=\"alignnone size-full wp-image-410515\" src=\"http:\/\/www.futboltotal.com.mx\/wp-content\/uploads\/2016\/07\/moreno.jpg\" alt=\"moreno\" srcset=\"http:\/\/desarrollo.grupomedios.com\/futbol\/wp-content\/uploads\/2016\/07\/moreno.jpg 859w, http:\/\/desarrollo.grupomedios.com\/futbol\/wp-content\/uploads\/2016\/07\/moreno-300x35.jpg 300w, http:\/\/desarrollo.grupomedios.com\/futbol\/wp-content\/uploads\/2016\/07\/moreno-768x89.jpg 768w, http:\/\/desarrollo.grupomedios.com\/futbol\/wp-content\/uploads\/2016\/07\/moreno-858x100.jpg 858w\" sizes=\"(max-width: 859px) 100vw, 859px\" \/><\/p>\n<p><span style=\"color: #800000;\"><strong>Contrato hasta: <\/strong><\/span>Junio 2019<\/p>\n<p><strong><span style=\"color: #800000;\">Valor en el mercado: <\/span><\/strong>7.5 MDE<\/p>\n<p><strong><span style=\"color: #800000;\">Rumores:<\/span> <\/strong>Ninguno<\/p>\n<p><img decoding=\"async\" loading=\"lazy\" class=\"alignnone size-full wp-image-410520\" src=\"http:\/\/www.futboltotal.com.mx\/wp-content\/uploads\/2016\/07\/jona.jpg\" alt=\"jona\" srcset=\"http:\/\/desarrollo.grupomedios.com\/futbol\/wp-content\/uploads\/2016\/07\/jona.jpg 859w, http:\/\/desarrollo.grupomedios.com\/futbol\/wp-content\/uploads\/2016\/07\/jona-300x35.jpg 300w, http:\/\/desarrollo.grupomedios.com\/futbol\/wp-content\/uploads\/2016\/07\/jona-768x89.jpg 768w, http:\/\/desarrollo.grupomedios.com\/futbol\/wp-content\/uploads\/2016\/07\/jona-858x100.jpg 858w\" sizes=\"(max-width: 859px) 100vw, 859px\" \/><\/p>\n<p><strong><span style=\"color: #800000;\">Contrato hasta:<\/span>\u00a0<\/strong>Junio 2019<\/p>\n<p><span style=\"color: #800000;\"><strong>Valor en el mercado: <\/strong><\/span>6 MDE<\/p>\n<p><strong><span style=\"color: #800000;\">Rumores:<\/span> <\/strong>Monterrey<\/p>\n<p><img decoding=\"async\" loading=\"lazy\" class=\"alignnone size-full wp-image-410523\" src=\"http:\/\/www.futboltotal.com.mx\/wp-content\/uploads\/2016\/07\/Chicharito.jpg\" alt=\"Chicharito\" srcset=\"http:\/\/desarrollo.grupomedios.com\/futbol\/wp-content\/uploads\/2016\/07\/Chicharito.jpg 859w, http:\/\/desarrollo.grupomedios.com\/futbol\/wp-content\/uploads\/2016\/07\/Chicharito-300x35.jpg 300w, http:\/\/desarrollo.grupomedios.com\/futbol\/wp-content\/uploads\/2016\/07\/Chicharito-768x89.jpg 768w, http:\/\/desarrollo.grupomedios.com\/futbol\/wp-content\/uploads\/2016\/07\/Chicharito-858x100.jpg 858w\" sizes=\"(max-width: 859px) 100vw, 859px\" \/><\/p>\n<p><span style=\"color: #800000;\"><strong>Contrato hasta: <\/strong><\/span>Junio 2018<\/p>\n<p><span style=\"color: #800000;\"><strong>Valor en el mercado: <\/strong><\/span>18 MDE<\/p>\n<p><strong><span style=\"color: #800000;\">Rumores:<\/span> <\/strong>Juventus<\/p>\n<p><img decoding=\"async\" loading=\"lazy\" class=\"alignnone size-full wp-image-410524\" src=\"http:\/\/www.futboltotal.com.mx\/wp-content\/uploads\/2016\/07\/Marco.jpg\" alt=\"Marco\" srcset=\"http:\/\/desarrollo.grupomedios.com\/futbol\/wp-content\/uploads\/2016\/07\/Marco.jpg 859w, http:\/\/desarrollo.grupomedios.com\/futbol\/wp-content\/uploads\/2016\/07\/Marco-300x35.jpg 300w, http:\/\/desarrollo.grupomedios.com\/futbol\/wp-content\/uploads\/2016\/07\/Marco-768x89.jpg 768w, http:\/\/desarrollo.grupomedios.com\/futbol\/wp-content\/uploads\/2016\/07\/Marco-858x100.jpg 858w\" sizes=\"(max-width: 859px) 100vw, 859px\" \/><\/p>\n<p><strong><span style=\"color: #800000;\">Contrato hasta:<\/span> <\/strong>Junio 2019<\/p>\n<p><span style=\"color: #800000;\"><strong>Valor en el mercado: <\/strong><\/span>5 MDE<\/p>\n<p><span style=\"color: #800000;\"><strong>Rumores: <\/strong><\/span>Ninguno<\/p>\n<p><img decoding=\"async\" loading=\"lazy\" class=\"alignnone size-full wp-image-410528\" src=\"http:\/\/www.futboltotal.com.mx\/wp-content\/uploads\/2016\/07\/Pulido.jpg\" alt=\"Pulido\" srcset=\"http:\/\/desarrollo.grupomedios.com\/futbol\/wp-content\/uploads\/2016\/07\/Pulido.jpg 859w, http:\/\/desarrollo.grupomedios.com\/futbol\/wp-content\/uploads\/2016\/07\/Pulido-300x35.jpg 300w, http:\/\/desarrollo.grupomedios.com\/futbol\/wp-content\/uploads\/2016\/07\/Pulido-768x89.jpg 768w, http:\/\/desarrollo.grupomedios.com\/futbol\/wp-content\/uploads\/2016\/07\/Pulido-858x100.jpg 858w\" sizes=\"(max-width: 859px) 100vw, 859px\" \/><\/p>\n<p><strong><span style=\"color: #800000;\">Contrato hasta:<\/span> <\/strong>Junio 2019<\/p>\n<p><strong><span style=\"color: #800000;\">Valor en el mercado:<\/span>\u00a0<\/strong>1.5 MDE<\/p>\n<p><strong><span style=\"color: #800000;\">Rumores:<\/span> <\/strong>Chivas<\/p>\n<p><img decoding=\"async\" loading=\"lazy\" class=\"alignnone size-full wp-image-410529\" src=\"http:\/\/www.futboltotal.com.mx\/wp-content\/uploads\/2016\/07\/Pedro-arce.jpg\" alt=\"Pedro-arce\" srcset=\"http:\/\/desarrollo.grupomedios.com\/futbol\/wp-content\/uploads\/2016\/07\/Pedro-arce.jpg 859w, http:\/\/desarrollo.grupomedios.com\/futbol\/wp-content\/uploads\/2016\/07\/Pedro-arce-300x35.jpg 300w, http:\/\/desarrollo.grupomedios.com\/futbol\/wp-content\/uploads\/2016\/07\/Pedro-arce-768x89.jpg 768w, http:\/\/desarrollo.grupomedios.com\/futbol\/wp-content\/uploads\/2016\/07\/Pedro-arce-858x100.jpg 858w\" sizes=\"(max-width: 859px) 100vw, 859px\" \/><\/p>\n<p><strong>Contrato hasta: <\/strong>Sin equipo<\/p>\n<p><strong>Valor en el mercado: <\/strong>300 mil euros<\/p>\n<p><strong>Rumores: <\/strong>Ninguno<\/p>\n","protected":false},"excerpt":{"rendered":"<p>\u00bfQui\u00e9nes son los jugadores que podr\u00edan tener otro destino?<\/p>\n","protected":false},"author":20,"featured_media":410534,"comment_status":"closed","ping_status":"closed","sticky":false,"template":"","format":"standard","meta":[],"categories":[3839,6718,5951],"tags":[4545],"_links":{"self":[{"href":"http:\/\/desarrollo.grupomedios.com\/futbol\/wp-json\/wp\/v2\/posts\/410495"}],"collection":[{"href":"http:\/\/desarrollo.grupomedios.com\/futbol\/wp-json\/wp\/v2\/posts"}],"about":[{"href":"http:\/\/desarrollo.grupomedios.com\/futbol\/wp-json\/wp\/v2\/types\/post"}],"author":[{"embeddable":true,"href":"http:\/\/desarrollo.grupomedios.com\/futbol\/wp-json\/wp\/v2\/users\/20"}],"replies":[{"embeddable":true,"href":"http:\/\/desarrollo.grupomedios.com\/futbol\/wp-json\/wp\/v2\/comments?post=410495"}],"version-history":[{"count":0,"href":"http:\/\/desarrollo.grupomedios.com\/futbol\/wp-json\/wp\/v2\/posts\/410495\/revisions"}],"wp:featuredmedia":[{"embeddable":true,"href":"http:\/\/desarrollo.grupomedios.com\/futbol\/wp-json\/wp\/v2\/media\/410534"}],"wp:attachment":[{"href":"http:\/\/desarrollo.grupomedios.com\/futbol\/wp-json\/wp\/v2\/media?parent=410495"}],"wp:term":[{"taxonomy":"category","embeddable":true,"href":"http:\/\/desarrollo.grupomedios.com\/futbol\/wp-json\/wp\/v2\/categories?post=410495"},{"taxonomy":"post_tag","embeddable":true,"href":"http:\/\/desarrollo.grupomedios.com\/futbol\/wp-json\/wp\/v2\/tags?post=410495"}],"curies":[{"name":"wp","href":"https:\/\/api.w.org\/{rel}","templated":true}]}}