{"id":410568,"date":"2016-07-14T17:03:49","date_gmt":"2016-07-14T22:03:49","guid":{"rendered":"http:\/\/www.futboltotal.com.mx\/?p=410568"},"modified":"2016-07-14T17:13:25","modified_gmt":"2016-07-14T22:13:25","slug":"11-ideal-chivas-apertura-2016","status":"publish","type":"post","link":"http:\/\/desarrollo.grupomedios.com\/futbol\/futbol-mexicano\/11-ideal-chivas-apertura-2016\/2016\/07","title":{"rendered":"El 11 ideal de Chivas para el Apertura 2016"},"content":{"rendered":"<p>Estamos a un solo d\u00eda del inicio del <strong>Apertura 2016<\/strong> y los equipos ya se dicen listos para arrancar la nueva campa\u00f1a de la <strong>Liga MX<\/strong>, de la mejor forma, pues incluso ya presentaron, sus respectivos uniformes para este torneo.<\/p>\n<p>Uno de los equipos que siempre tienen reflectores apuntados hacia \u00e9l, es <a href=\"http:\/\/www.futboltotal.com.mx\/equipos\/guadalajara\/\" target=\"_blank\"><strong>Chivas<\/strong><\/a>, quien es candidato al t\u00edtulo de la <strong>Liga MX<\/strong> por el plantel que tiene, y a pesar de la baja de Omar Bravo del equipo, pues Mat\u00edas Almeyda tiene un grupo que puede sobresalir por su dinamismo. Es por ello que en <strong>Futbol Total<\/strong>, presentamos el posible parado del Reba\u00f1o, o el que ser\u00eda el m\u00e1s adecuado, por la cantidad y calidad de sus jugadores.<\/p>\n<p style=\"text-align: center;\"><span style=\"color: #3366ff;\"><a style=\"color: #3366ff;\" href=\"http:\/\/www.futboltotal.com.mx\/2016\/07\/futbol-estufa-rumbo-al-apertura-2016-altas-bajas-rumores\/\" target=\"_blank\"><strong>LEER M\u00c1S: Los fichajes del Apertura 2016<\/strong><\/a><\/span><\/p>\n<p><a href=\"http:\/\/www.futboltotal.com.mx\/wp-content\/uploads\/2016\/07\/chivas-once-ideal-apertura-2016.jpg\"><img decoding=\"async\" loading=\"lazy\" class=\"alignnone size-full wp-image-410569\" src=\"http:\/\/www.futboltotal.com.mx\/wp-content\/uploads\/2016\/07\/chivas-once-ideal-apertura-2016.jpg\" alt=\"chivas-once-ideal-apertura-2016\" srcset=\"http:\/\/desarrollo.grupomedios.com\/futbol\/wp-content\/uploads\/2016\/07\/chivas-once-ideal-apertura-2016.jpg 858w, http:\/\/desarrollo.grupomedios.com\/futbol\/wp-content\/uploads\/2016\/07\/chivas-once-ideal-apertura-2016-215x300.jpg 215w, http:\/\/desarrollo.grupomedios.com\/futbol\/wp-content\/uploads\/2016\/07\/chivas-once-ideal-apertura-2016-768x1071.jpg 768w, http:\/\/desarrollo.grupomedios.com\/futbol\/wp-content\/uploads\/2016\/07\/chivas-once-ideal-apertura-2016-735x1024.jpg 735w\" sizes=\"(max-width: 858px) 100vw, 858px\" \/><\/a><\/p>\n<p><strong>Rodolfo Cota<\/strong> | Mexicano | El cancerbero no pudo ser adquirido por Chivas pero el pr\u00e9stamo lo mantiene en las filas del equipo para asegurar una meta imbatible.<\/p>\n<p><strong>Jes\u00fas S\u00e1nchez<\/strong> | Mexicano | Le rob\u00f3 el lugar a Ra\u00fal L\u00f3pez y por eso el <em>Dedos<\/em> tuvo que salir del equipo.<\/p>\n<p><strong>Jair Pereira<\/strong> | Mexicano | La mejor pareja para el <em>Tit\u00e1n<\/em>, es Pereira, pues su garra y gran trabajo defensivo, son indispensables para Almeyda.<\/p>\n<p><strong>Carlos Salcedo<\/strong> | Doble nacionalidad | El <em>Tit\u00e1n<\/em> se ausentar\u00e1 las primeras jornadas por su participaci\u00f3n en los Juegos Ol\u00edmpicos, pero sin duda, recuperar\u00e1 la titularidad cuando regrese.<\/p>\n<p><strong>Edwin Hern\u00e1ndez<\/strong> | Mexicano | El lateral tambi\u00e9n se mantiene en buen nivel con el conjunto <em>rojiblanco<\/em>, adem\u00e1s de que no tiene muchos competidores en su banda.<\/p>\n<p><strong>Jos\u00e9 V\u00e1zquez<\/strong> | Mexicano | <em>Gallito<\/em> lleg\u00f3 como el refuerzo de lujo para el <em>Reba\u00f1o<\/em>, lo que ayudar\u00e1 a que Orbel\u00edn y <em>Gullit<\/em> tengan m\u00e1s libertad.<\/p>\n<p><strong>Orbel\u00edn Pineda<\/strong> | Mexicano | No va a los Ol\u00edmpicos pero se queda para darle vol\u00famen a la recuperaci\u00f3n y ataque del Reba\u00f1o.<\/p>\n<p><strong>Carlos Cisneros<\/strong> | Mexicano | Tambi\u00e9n acudir\u00e1 a R\u00edo de Janeiro, lo que lo ausentar\u00e1 del arranque del Apertura 2016.<\/p>\n<p><strong>Isaac Brizuela<\/strong> | Doble nacionalidad | El <em>Cone<\/em> es uno de los referentes del equipo, y la peligrosidad rojiblanca depender\u00e1 de su nivel.<\/p>\n<p><strong>Carlos Pe\u00f1a<\/strong> | El <em>Gullit<\/em> s\u00f3lo pudo participar un duelo de la Copa Am\u00e9rica Centenario, as\u00ed que busca revancha.<\/p>\n<p><strong>\u00c1ngel Zald\u00edvar<\/strong> | Mexicano | Con la baja de Omar Bravo y mientras Marco Bueno se encuentra en los Juegos Ol\u00edmpicos, Zald\u00edvar ser\u00e1 el \u00fanico referente en la delantera.<\/p>\n","protected":false},"excerpt":{"rendered":"<p>Este podr\u00eda ser el parado del Guadalajara<\/p>\n","protected":false},"author":20,"featured_media":410570,"comment_status":"closed","ping_status":"closed","sticky":false,"template":"","format":"standard","meta":[],"categories":[2198,3845,5950],"tags":[6927,70],"_links":{"self":[{"href":"http:\/\/desarrollo.grupomedios.com\/futbol\/wp-json\/wp\/v2\/posts\/410568"}],"collection":[{"href":"http:\/\/desarrollo.grupomedios.com\/futbol\/wp-json\/wp\/v2\/posts"}],"about":[{"href":"http:\/\/desarrollo.grupomedios.com\/futbol\/wp-json\/wp\/v2\/types\/post"}],"author":[{"embeddable":true,"href":"http:\/\/desarrollo.grupomedios.com\/futbol\/wp-json\/wp\/v2\/users\/20"}],"replies":[{"embeddable":true,"href":"http:\/\/desarrollo.grupomedios.com\/futbol\/wp-json\/wp\/v2\/comments?post=410568"}],"version-history":[{"count":0,"href":"http:\/\/desarrollo.grupomedios.com\/futbol\/wp-json\/wp\/v2\/posts\/410568\/revisions"}],"wp:featuredmedia":[{"embeddable":true,"href":"http:\/\/desarrollo.grupomedios.com\/futbol\/wp-json\/wp\/v2\/media\/410570"}],"wp:attachment":[{"href":"http:\/\/desarrollo.grupomedios.com\/futbol\/wp-json\/wp\/v2\/media?parent=410568"}],"wp:term":[{"taxonomy":"category","embeddable":true,"href":"http:\/\/desarrollo.grupomedios.com\/futbol\/wp-json\/wp\/v2\/categories?post=410568"},{"taxonomy":"post_tag","embeddable":true,"href":"http:\/\/desarrollo.grupomedios.com\/futbol\/wp-json\/wp\/v2\/tags?post=410568"}],"curies":[{"name":"wp","href":"https:\/\/api.w.org\/{rel}","templated":true}]}}