{"id":410573,"date":"2016-07-13T20:22:26","date_gmt":"2016-07-14T01:22:26","guid":{"rendered":"http:\/\/www.futboltotal.com.mx\/?p=410573"},"modified":"2016-07-13T20:22:26","modified_gmt":"2016-07-14T01:22:26","slug":"cruz-azul-presenta-nuevo-uniforme","status":"publish","type":"post","link":"http:\/\/desarrollo.grupomedios.com\/futbol\/destacado-home\/cruz-azul-presenta-nuevo-uniforme\/2016\/07","title":{"rendered":"Cruz Azul presenta su nuevo uniforme"},"content":{"rendered":"<p><a href=\"http:\/\/futboltotal.com.mx\/equipos\/cruz-azul\/\" target=\"_blank\"><strong>Cruz Azul<\/strong><\/a> est\u00e1 completo, toda vez que se incorporaron sus refuerzos, disputaron\u00a0los partidos de pretemporada y presentaron su <strong>nuevo uniforme<\/strong>, en el cual destaca que la <em>M\u00e1quina<\/em> volver\u00e1 a lucir blanca.<\/p>\n<p><a href=\"http:\/\/www.futboltotal.com.mx\/wp-content\/uploads\/2016\/07\/cruz-azul-uniforme-apertura-2016-1.jpg\"><img decoding=\"async\" loading=\"lazy\" class=\"alignnone size-full wp-image-410577\" src=\"http:\/\/www.futboltotal.com.mx\/wp-content\/uploads\/2016\/07\/cruz-azul-uniforme-apertura-2016-1.jpg\" alt=\"cruz-azul-uniforme-apertura-2016-1\" srcset=\"http:\/\/desarrollo.grupomedios.com\/futbol\/wp-content\/uploads\/2016\/07\/cruz-azul-uniforme-apertura-2016-1.jpg 858w, http:\/\/desarrollo.grupomedios.com\/futbol\/wp-content\/uploads\/2016\/07\/cruz-azul-uniforme-apertura-2016-1-300x151.jpg 300w, http:\/\/desarrollo.grupomedios.com\/futbol\/wp-content\/uploads\/2016\/07\/cruz-azul-uniforme-apertura-2016-1-768x386.jpg 768w, http:\/\/desarrollo.grupomedios.com\/futbol\/wp-content\/uploads\/2016\/07\/cruz-azul-uniforme-apertura-2016-1-340x171.jpg 340w\" sizes=\"(max-width: 858px) 100vw, 858px\" \/><\/a><\/p>\n<p>En una modesta presentaci\u00f3n, los <em>Celestes<\/em> develaron las playeras para la campa\u00f1a 2016-17, aunque en estas \u00e9pocas ya no sorprende debido a que las im\u00e1genes de las \u201cpieles\u201d suelen filtrarse semanas o incluso meses antes del evento.<\/p>\n<p>Para el <strong>Apertura 2016<\/strong>, <strong>Cruz Azul<\/strong> deber\u00e1 mantenerse en los primeros puestos y con ello alejarse de zona del descenso, adem\u00e1s de pensar en regresar a Liguilla, misma de la que se ausenta desde hace dos a\u00f1os.<\/p>\n<p><span style=\"color: #ff0000;\"><strong>VIDEO<\/strong>: Agenda de TV de la jornada 1<\/span><\/p>\n<p>[video_player]https:\/\/player.vimeo.com\/external\/174419446.sd.mp4?s=5b1f13b09a7ea2b7944eded0922eee84e3b55834&amp;profile_id=165[\/video_player]<\/p>\n","protected":false},"excerpt":{"rendered":"<p>La M\u00e1quina volver\u00e1 a lucir anaranjada <\/p>\n","protected":false},"author":20,"featured_media":410578,"comment_status":"closed","ping_status":"closed","sticky":false,"template":"","format":"standard","meta":[],"categories":[5,2198,3845],"tags":[5962],"_links":{"self":[{"href":"http:\/\/desarrollo.grupomedios.com\/futbol\/wp-json\/wp\/v2\/posts\/410573"}],"collection":[{"href":"http:\/\/desarrollo.grupomedios.com\/futbol\/wp-json\/wp\/v2\/posts"}],"about":[{"href":"http:\/\/desarrollo.grupomedios.com\/futbol\/wp-json\/wp\/v2\/types\/post"}],"author":[{"embeddable":true,"href":"http:\/\/desarrollo.grupomedios.com\/futbol\/wp-json\/wp\/v2\/users\/20"}],"replies":[{"embeddable":true,"href":"http:\/\/desarrollo.grupomedios.com\/futbol\/wp-json\/wp\/v2\/comments?post=410573"}],"version-history":[{"count":0,"href":"http:\/\/desarrollo.grupomedios.com\/futbol\/wp-json\/wp\/v2\/posts\/410573\/revisions"}],"wp:featuredmedia":[{"embeddable":true,"href":"http:\/\/desarrollo.grupomedios.com\/futbol\/wp-json\/wp\/v2\/media\/410578"}],"wp:attachment":[{"href":"http:\/\/desarrollo.grupomedios.com\/futbol\/wp-json\/wp\/v2\/media?parent=410573"}],"wp:term":[{"taxonomy":"category","embeddable":true,"href":"http:\/\/desarrollo.grupomedios.com\/futbol\/wp-json\/wp\/v2\/categories?post=410573"},{"taxonomy":"post_tag","embeddable":true,"href":"http:\/\/desarrollo.grupomedios.com\/futbol\/wp-json\/wp\/v2\/tags?post=410573"}],"curies":[{"name":"wp","href":"https:\/\/api.w.org\/{rel}","templated":true}]}}