{"id":410587,"date":"2016-07-13T20:37:43","date_gmt":"2016-07-14T01:37:43","guid":{"rendered":"http:\/\/www.futboltotal.com.mx\/?p=410587"},"modified":"2016-07-13T20:37:43","modified_gmt":"2016-07-14T01:37:43","slug":"brasil-descarta-atentados-en-rio-2016","status":"publish","type":"post","link":"http:\/\/desarrollo.grupomedios.com\/futbol\/juegos-olimpicos-2016\/brasil-descarta-atentados-en-rio-2016\/2016\/07","title":{"rendered":"Brasil descarta atentados en R\u00edo 2016"},"content":{"rendered":"<p>El Gobierno brasile\u00f1o dijo que no ha recibido ninguna informaci\u00f3n de las autoridades francesas sobre un supuesto plan para <strong>atentar<\/strong> contra la delegaci\u00f3n de ese pa\u00eds que disputar\u00e1 los <strong>Juegos Ol\u00edmpicos<\/strong> de agosto pr\u00f3ximo en <strong>R\u00edo<\/strong> de <strong>Janeiro<\/strong>.<\/p>\n<p>Tanto el ministro jefe del Gabinete de Seguridad Institucional de <strong>Brasil<\/strong>, Sergio Etchegoyen, como el director general de la Agencia Brasile\u00f1a de Inteligencia (ABIN), Wilson Trezza, aseguraron en rueda de prensa que Brasil desconoce el supuesto plan terrorista y que no ha recibido ninguna informaci\u00f3n al respecto de las autoridades francesas.<\/p>\n<p>Seg\u00fan una versi\u00f3n divulgada este mi\u00e9rcoles por el diario franc\u00e9s <em>Liberation<\/em>, los servicios de inteligencia de ese pa\u00eds recibieron informaciones sobre un supuesto terrorista brasile\u00f1o que integra el Estado Isl\u00e1mico (EI) y que planear\u00eda un atentado contra la delegaci\u00f3n de Francia en los Ol\u00edmpicos de <strong>R\u00edo 2016<\/strong>.<\/p>\n<p><a href=\"http:\/\/www.futboltotal.com.mx\/wp-content\/uploads\/2016\/07\/atentados-francia-brasil-rio-2016-1-1.jpg\"><img decoding=\"async\" loading=\"lazy\" class=\"alignnone size-full wp-image-410593\" src=\"http:\/\/www.futboltotal.com.mx\/wp-content\/uploads\/2016\/07\/atentados-francia-brasil-rio-2016-1-1.jpg\" alt=\"atentados-francia-brasil-rio-2016-1\" srcset=\"http:\/\/desarrollo.grupomedios.com\/futbol\/wp-content\/uploads\/2016\/07\/atentados-francia-brasil-rio-2016-1-1.jpg 858w, http:\/\/desarrollo.grupomedios.com\/futbol\/wp-content\/uploads\/2016\/07\/atentados-francia-brasil-rio-2016-1-1-300x151.jpg 300w, http:\/\/desarrollo.grupomedios.com\/futbol\/wp-content\/uploads\/2016\/07\/atentados-francia-brasil-rio-2016-1-1-768x386.jpg 768w, http:\/\/desarrollo.grupomedios.com\/futbol\/wp-content\/uploads\/2016\/07\/atentados-francia-brasil-rio-2016-1-1-340x171.jpg 340w\" sizes=\"(max-width: 858px) 100vw, 858px\" \/><\/a><\/p>\n<p>De acuerdo con la versi\u00f3n period\u00edstica, el general Christophe Gomart, responsable de los servicios secretos militares franceses, coment\u00f3 en una sesi\u00f3n en mayo pasado con los miembros de la comisi\u00f3n parlamentaria sobre los atentados en <strong>Francia<\/strong> que recibi\u00f3 informaciones de que ese brasile\u00f1o &#8220;se preparaba a cometer atentados contra la delegaci\u00f3n francesa en los <strong>Juegos Ol\u00edmpicos<\/strong>&#8220;.<\/p>\n<p>&nbsp;<\/p>\n","protected":false},"excerpt":{"rendered":"<p>No habr\u00e1 ataques contra la delegaci\u00f3n de Francia<\/p>\n","protected":false},"author":144,"featured_media":410592,"comment_status":"closed","ping_status":"closed","sticky":false,"template":"","format":"standard","meta":[],"categories":[7182,7188],"tags":[1911,5664],"_links":{"self":[{"href":"http:\/\/desarrollo.grupomedios.com\/futbol\/wp-json\/wp\/v2\/posts\/410587"}],"collection":[{"href":"http:\/\/desarrollo.grupomedios.com\/futbol\/wp-json\/wp\/v2\/posts"}],"about":[{"href":"http:\/\/desarrollo.grupomedios.com\/futbol\/wp-json\/wp\/v2\/types\/post"}],"author":[{"embeddable":true,"href":"http:\/\/desarrollo.grupomedios.com\/futbol\/wp-json\/wp\/v2\/users\/144"}],"replies":[{"embeddable":true,"href":"http:\/\/desarrollo.grupomedios.com\/futbol\/wp-json\/wp\/v2\/comments?post=410587"}],"version-history":[{"count":0,"href":"http:\/\/desarrollo.grupomedios.com\/futbol\/wp-json\/wp\/v2\/posts\/410587\/revisions"}],"wp:featuredmedia":[{"embeddable":true,"href":"http:\/\/desarrollo.grupomedios.com\/futbol\/wp-json\/wp\/v2\/media\/410592"}],"wp:attachment":[{"href":"http:\/\/desarrollo.grupomedios.com\/futbol\/wp-json\/wp\/v2\/media?parent=410587"}],"wp:term":[{"taxonomy":"category","embeddable":true,"href":"http:\/\/desarrollo.grupomedios.com\/futbol\/wp-json\/wp\/v2\/categories?post=410587"},{"taxonomy":"post_tag","embeddable":true,"href":"http:\/\/desarrollo.grupomedios.com\/futbol\/wp-json\/wp\/v2\/tags?post=410587"}],"curies":[{"name":"wp","href":"https:\/\/api.w.org\/{rel}","templated":true}]}}