{"id":410597,"date":"2016-07-13T20:48:25","date_gmt":"2016-07-14T01:48:25","guid":{"rendered":"http:\/\/www.futboltotal.com.mx\/?p=410597"},"modified":"2016-07-13T20:49:10","modified_gmt":"2016-07-14T01:49:10","slug":"alemania-quiere-dominar-rio-2016","status":"publish","type":"post","link":"http:\/\/desarrollo.grupomedios.com\/futbol\/juegos-olimpicos-2016\/alemania-quiere-dominar-rio-2016\/2016\/07","title":{"rendered":"Alemania quiere dominar R\u00edo 2016"},"content":{"rendered":"<p><strong>Alemania<\/strong> estar\u00e1 representada en los <strong>Juegos Ol\u00edmpicos de R\u00edo<\/strong> de Janeiro por 425 deportistas y con la meta de obtener al menos 44 medallas, con lo que se repetir\u00eda lo alcanzado en Londres 2012.<\/p>\n<p>&#8220;En Londres tuvimos un desempe\u00f1o brillante con 44 medallas. Ser\u00eda maravilloso poder repetirlo, ese es el rasero&#8221;, dijo el presidente de la Confederaci\u00f3n Ol\u00edmpica del Deporte Alem\u00e1n (DOSB), Michael Vesper.<\/p>\n<p>La configuraci\u00f3n del equipo ol\u00edmpico alem\u00e1n se termin\u00f3 este mi\u00e9rcoles, cuando se eligieron 247 deportistas, quedando s\u00f3lo pendientes las convocatorias en f\u00fatbol -en hombres y mujeres- balonmano -en hombres- y en equitaci\u00f3n.<\/p>\n<p>En los deportes de conjunto las convocatorias se dar\u00e1n a conocer el jueves mientras que la de los jinetes se conocer\u00e1 tras el torneo de Aquisgr\u00e1n que dura hasta el domingo.<\/p>\n<p>Adem\u00e1s, en varios deportes habr\u00e1 una lista de 25 deportistas de reserva que estar\u00e1n a disposici\u00f3n en caso de que haya que hacer cambios.<\/p>\n<p>&#8220;Tenemos un buen equipo, soy optimista acerca de repetir el resultado de Londres&#8221;, dijo Vesper.<\/p>\n<p>Los primeros deportistas viajaron a <strong>R\u00edo<\/strong> el 24 de julio mientras que los \u00faltimos en desplazarse ser\u00e1n los maratonianos que lo har\u00e1n el 17 de agosto.<\/p>\n","protected":false},"excerpt":{"rendered":"<p>Esto con 425 deportistas y en busca de al menos 44 medallas<\/p>\n","protected":false},"author":144,"featured_media":410600,"comment_status":"closed","ping_status":"closed","sticky":false,"template":"","format":"standard","meta":[],"categories":[7182,7188],"tags":[1911,5664],"_links":{"self":[{"href":"http:\/\/desarrollo.grupomedios.com\/futbol\/wp-json\/wp\/v2\/posts\/410597"}],"collection":[{"href":"http:\/\/desarrollo.grupomedios.com\/futbol\/wp-json\/wp\/v2\/posts"}],"about":[{"href":"http:\/\/desarrollo.grupomedios.com\/futbol\/wp-json\/wp\/v2\/types\/post"}],"author":[{"embeddable":true,"href":"http:\/\/desarrollo.grupomedios.com\/futbol\/wp-json\/wp\/v2\/users\/144"}],"replies":[{"embeddable":true,"href":"http:\/\/desarrollo.grupomedios.com\/futbol\/wp-json\/wp\/v2\/comments?post=410597"}],"version-history":[{"count":0,"href":"http:\/\/desarrollo.grupomedios.com\/futbol\/wp-json\/wp\/v2\/posts\/410597\/revisions"}],"wp:featuredmedia":[{"embeddable":true,"href":"http:\/\/desarrollo.grupomedios.com\/futbol\/wp-json\/wp\/v2\/media\/410600"}],"wp:attachment":[{"href":"http:\/\/desarrollo.grupomedios.com\/futbol\/wp-json\/wp\/v2\/media?parent=410597"}],"wp:term":[{"taxonomy":"category","embeddable":true,"href":"http:\/\/desarrollo.grupomedios.com\/futbol\/wp-json\/wp\/v2\/categories?post=410597"},{"taxonomy":"post_tag","embeddable":true,"href":"http:\/\/desarrollo.grupomedios.com\/futbol\/wp-json\/wp\/v2\/tags?post=410597"}],"curies":[{"name":"wp","href":"https:\/\/api.w.org\/{rel}","templated":true}]}}