{"id":410605,"date":"2016-07-14T08:10:34","date_gmt":"2016-07-14T13:10:34","guid":{"rendered":"http:\/\/www.futboltotal.com.mx\/?p=410605"},"modified":"2016-07-14T08:46:19","modified_gmt":"2016-07-14T13:46:19","slug":"la-conversacion-arranque-del-apertura-2016","status":"publish","type":"post","link":"http:\/\/desarrollo.grupomedios.com\/futbol\/destacado-home\/la-conversacion-arranque-del-apertura-2016\/2016\/07","title":{"rendered":"La conversaci\u00f3n previo al Apertura 2016"},"content":{"rendered":"<p>Estamos a un solo d\u00eda del inicio del <strong>Apertura 2016<\/strong> y los equipos ya se dicen listos para arrancar la nueva campa\u00f1a de la <a href=\"http:\/\/futboltotal.com.mx\/futbol-mexicano\/\" target=\"_blank\"><strong>Liga MX<\/strong><\/a>, de la mejor forma, pues incluso ya presentaron, sus respectivos uniformes para este torneo, adem\u00e1s de que al parecer, ya no habr\u00e1 m\u00e1s refuerzos que se incorporen.<\/p>\n<p style=\"text-align: center;\"><a href=\"http:\/\/www.futboltotal.com.mx\/2016\/07\/futbol-estufa-rumbo-al-apertura-2016-altas-bajas-rumores\/\" target=\"_blank\"><strong>LEER M\u00c1S: As\u00ed han quedado los fichajes en la Liga MX<\/strong><\/a><\/p>\n<p>Por ello en <strong>Futbol Total<\/strong>, simulamos la posible conversaci\u00f3n que llevar\u00edan a cabo los protagonistas de la <strong>Liga MX<\/strong>, en la aplicaci\u00f3n de Whatsapp.<\/p>\n<p><script src=\"\/\/cdn.playbuzz.com\/widget\/feed.js\" type=\"text\/javascript\"><\/script><\/p>\n<div class=\"pb_feed\" data-embed-by=\"d43f3879-83ed-40bc-99d7-fde80605466f\" data-game=\"\/futboltotal\/la-conversaci-n-previo-al-apertura-2016\" data-recommend=\"false\" data-game-info=\"false\" data-comments=\"false\"><\/div>\n<p><span style=\"color: #ff0000;\"><strong>VIDEO<\/strong>: Agenda de TV | Jornada 1 del Apertura 2016<\/span><\/p>\n<p>[video_player]https:\/\/player.vimeo.com\/external\/174419446.sd.mp4?s=5b1f13b09a7ea2b7944eded0922eee84e3b55834&amp;profile_id=165[\/video_player]<\/p>\n","protected":false},"excerpt":{"rendered":"<p>\u00a1Esto dir\u00edan los protagonistas de la Liga MX, en whatsapp!<\/p>\n","protected":false},"author":20,"featured_media":410606,"comment_status":"closed","ping_status":"closed","sticky":false,"template":"","format":"standard","meta":[],"categories":[5419,5,2198,3845],"tags":[6927],"_links":{"self":[{"href":"http:\/\/desarrollo.grupomedios.com\/futbol\/wp-json\/wp\/v2\/posts\/410605"}],"collection":[{"href":"http:\/\/desarrollo.grupomedios.com\/futbol\/wp-json\/wp\/v2\/posts"}],"about":[{"href":"http:\/\/desarrollo.grupomedios.com\/futbol\/wp-json\/wp\/v2\/types\/post"}],"author":[{"embeddable":true,"href":"http:\/\/desarrollo.grupomedios.com\/futbol\/wp-json\/wp\/v2\/users\/20"}],"replies":[{"embeddable":true,"href":"http:\/\/desarrollo.grupomedios.com\/futbol\/wp-json\/wp\/v2\/comments?post=410605"}],"version-history":[{"count":0,"href":"http:\/\/desarrollo.grupomedios.com\/futbol\/wp-json\/wp\/v2\/posts\/410605\/revisions"}],"wp:featuredmedia":[{"embeddable":true,"href":"http:\/\/desarrollo.grupomedios.com\/futbol\/wp-json\/wp\/v2\/media\/410606"}],"wp:attachment":[{"href":"http:\/\/desarrollo.grupomedios.com\/futbol\/wp-json\/wp\/v2\/media?parent=410605"}],"wp:term":[{"taxonomy":"category","embeddable":true,"href":"http:\/\/desarrollo.grupomedios.com\/futbol\/wp-json\/wp\/v2\/categories?post=410605"},{"taxonomy":"post_tag","embeddable":true,"href":"http:\/\/desarrollo.grupomedios.com\/futbol\/wp-json\/wp\/v2\/tags?post=410605"}],"curies":[{"name":"wp","href":"https:\/\/api.w.org\/{rel}","templated":true}]}}