{"id":410633,"date":"2016-07-14T12:42:04","date_gmt":"2016-07-14T17:42:04","guid":{"rendered":"http:\/\/www.futboltotal.com.mx\/?p=410633"},"modified":"2016-07-14T13:06:06","modified_gmt":"2016-07-14T18:06:06","slug":"america-centenario-en-el-apertura-2016","status":"publish","type":"post","link":"http:\/\/desarrollo.grupomedios.com\/futbol\/destacado-home\/america-centenario-en-el-apertura-2016\/2016\/07","title":{"rendered":"\u00c1guilas, por un vuelo CENTENARIO"},"content":{"rendered":"<p><strong>Am\u00e9rica<\/strong>, <strong>Chivas<\/strong>, <strong>Cruz Azul<\/strong> y <strong>Pumas<\/strong>, con la estafeta de cuatro grandes, est\u00e1n listos para despegar en el torneo <a href=\"http:\/\/www.futboltotal.com.mx\/futbol-mexicano\/\"><strong>Apertura 2016<\/strong><\/a>, que eleva el tel\u00f3n el pr\u00f3ximo viernes 15 de julio. Antes de que el bal\u00f3n comience a rodar en la<a href=\"http:\/\/www.futboltotal.com.mx\/futbol-mexicano\/\"> <strong>Liga MX<\/strong><\/a>, en <em>Futbol Total<\/em> te ponemos en sinton\u00eda con lo que debes saber de cada uno de ellos. \u00a1No te lo pierdas!<\/p>\n<p>[video_player]https:\/\/player.vimeo.com\/external\/174691029.hd.mp4?s=6f5201a77eb6f59b2aec7c6651930671ab1f7b19&amp;profile_id=174[\/video_player]<\/p>\n<p style=\"text-align: center;\"><span style=\"color: #3366ff;\"><strong><a style=\"color: #3366ff;\" href=\"http:\/\/www.futboltotal.com.mx\/2016\/07\/extranjeros-apertura-2016-liga-mx\/\">LEER M\u00c1S: Escandalosa globalizaci\u00f3n en la Liga MX<\/a><\/strong><\/span><\/p>\n<p>En el a\u00f1o de su centenario, <strong>Am\u00e9rica<\/strong> tiene el objetivo principal de conquistar un t\u00edtulo s\u00ed o s\u00ed. Tendr\u00e1 tres ocasiones inmejorables para hacerlo. Disputar\u00e1 la Liga MX, la Copa MX y el Mundial de Clubes.<\/p>\n<p>Para este torneo,<strong> Am\u00e9rica<\/strong> ha reforzado la plantilla con seis elementos: Carlos Rosel, Ricardo Cruz, Manuel P\u00e9rez, Bruno Valdez, Renato Ibarra, \u00a0Silvio Romero. Sin duda los reflectores estar\u00e1n sobre este \u00faltimo, quien lleg\u00f3 en calidad de <em>romperredes <\/em>para suplir la salida de Dar\u00edo Benedetto.<\/p>\n<p>Las <em>\u00c1guilas<\/em> estar\u00e1n bajo la batuta del entrenador Ignacio Ambriz, quien tiene claro que m\u00e1s que una obligaci\u00f3n es una necesidad para poder relatar alegr\u00edas a la afici\u00f3n: &#8220;Hemos jugado bien al futbol. Van dos veces que nos quedamos en semifinales y en el club hay compromiso total para dar ese paso que no hace falta. Ser\u00eda una inmensa alegr\u00eda conseguir un t\u00edtulo ahora que el club cumple cien a\u00f1os&#8221;.<\/p>\n","protected":false},"excerpt":{"rendered":"<p>Te presentamos el panorama del Am\u00e9rica para el Apertura 2016<\/p>\n","protected":false},"author":20,"featured_media":410634,"comment_status":"closed","ping_status":"closed","sticky":false,"template":"","format":"standard","meta":[],"categories":[5,2198,3845],"tags":[5959,6927],"_links":{"self":[{"href":"http:\/\/desarrollo.grupomedios.com\/futbol\/wp-json\/wp\/v2\/posts\/410633"}],"collection":[{"href":"http:\/\/desarrollo.grupomedios.com\/futbol\/wp-json\/wp\/v2\/posts"}],"about":[{"href":"http:\/\/desarrollo.grupomedios.com\/futbol\/wp-json\/wp\/v2\/types\/post"}],"author":[{"embeddable":true,"href":"http:\/\/desarrollo.grupomedios.com\/futbol\/wp-json\/wp\/v2\/users\/20"}],"replies":[{"embeddable":true,"href":"http:\/\/desarrollo.grupomedios.com\/futbol\/wp-json\/wp\/v2\/comments?post=410633"}],"version-history":[{"count":0,"href":"http:\/\/desarrollo.grupomedios.com\/futbol\/wp-json\/wp\/v2\/posts\/410633\/revisions"}],"wp:featuredmedia":[{"embeddable":true,"href":"http:\/\/desarrollo.grupomedios.com\/futbol\/wp-json\/wp\/v2\/media\/410634"}],"wp:attachment":[{"href":"http:\/\/desarrollo.grupomedios.com\/futbol\/wp-json\/wp\/v2\/media?parent=410633"}],"wp:term":[{"taxonomy":"category","embeddable":true,"href":"http:\/\/desarrollo.grupomedios.com\/futbol\/wp-json\/wp\/v2\/categories?post=410633"},{"taxonomy":"post_tag","embeddable":true,"href":"http:\/\/desarrollo.grupomedios.com\/futbol\/wp-json\/wp\/v2\/tags?post=410633"}],"curies":[{"name":"wp","href":"https:\/\/api.w.org\/{rel}","templated":true}]}}