{"id":410636,"date":"2016-07-14T11:17:22","date_gmt":"2016-07-14T16:17:22","guid":{"rendered":"http:\/\/www.futboltotal.com.mx\/?p=410636"},"modified":"2016-07-14T11:29:13","modified_gmt":"2016-07-14T16:29:13","slug":"mexico-escalo-en-ranking-fifa","status":"publish","type":"post","link":"http:\/\/desarrollo.grupomedios.com\/futbol\/destacado-home\/mexico-escalo-en-ranking-fifa\/2016\/07","title":{"rendered":"\u00a1Qu\u00e9\u2026! M\u00e9xico escal\u00f3 en el Ranking FIFA"},"content":{"rendered":"<p>La <strong>FIFA<\/strong> dio a conocer su <strong>Ranking mensual<\/strong> de selecciones nacionales, listado donde <strong>M\u00e9xico<\/strong> fue ubicado en el lugar 14 con 1,044 puntos, escalando un par de pelda\u00f1os en relaci\u00f3n a los \u00faltimos tres meses.<\/p>\n<p>En la clasificaci\u00f3n de julio de la <strong>FIFA<\/strong>, Argentina, subcampe\u00f3n de la Copa Am\u00e9rica Centenario, ocupa la primera posici\u00f3n con 1,585 unidades, seguida de cerca por B\u00e9lgica, que se aferra al segundo puesto con 1,401 puntos en su haber.<\/p>\n<p style=\"text-align: center;\"><span style=\"color: #3366ff;\"><strong><a style=\"color: #3366ff;\" href=\"http:\/\/www.futboltotal.com.mx\/2016\/07\/carlos-vela-quiere-regresar-a-la-seleccion-mexicana\/\">LEER M\u00c1S: Carlos Vela quiere regresar al TRI<\/a><\/strong><\/span><\/p>\n<p>Los \u00faltimos tres grandes torneos internacionales, la Copa de Naciones de la OFC, la Copa Am\u00e9rica Centenario y la Eurocopa de la UEFA, han dejado huella en una tabla que acoge a Kosovo por primera vez.<\/p>\n<p>En el caso de <strong>M\u00e9xico<\/strong>, fueron contabilizados para la suma de las unidades obtenidas los dos \u00faltimos partidos de preparaci\u00f3n, ante Chile y Paraguay, y los cuatro de Copa Am\u00e9rica Centenario, obteniendo de esos seis compromisos cuatro victorias, un empate y una derrota.<\/p>\n<blockquote class=\"twitter-tweet\" data-lang=\"es\">\n<p dir=\"ltr\" lang=\"es\">Despertamos con el nuevo Ranking mensual de <a href=\"https:\/\/twitter.com\/FIFAcom\">@FIFAcom<\/a>&#8230;<\/p>\n<p>\u00bfYa vieron en qu\u00e9 lugar estamos? \u00c9chenle ojo  <a href=\"https:\/\/t.co\/C0gkZRyPpz\">https:\/\/t.co\/C0gkZRyPpz<\/a><\/p>\n<p>\u2014 Selecci\u00f3n Nacional (@miseleccionmx) <a href=\"https:\/\/twitter.com\/miseleccionmx\/status\/753598559480524800\">14 de julio de 2016<\/a><\/p><\/blockquote>\n<p><script src=\"\/\/platform.twitter.com\/widgets.js\" async=\"\" charset=\"utf-8\"><\/script><\/p>\n<p>Los 10 primeros del <strong>Ranking FIFA<\/strong>:<\/p>\n<p>1. Argentina | 1,585 puntos<\/p>\n<p>2. B\u00e9lgica | 1,401 puntos<\/p>\n<p>3. Colombia | 1,331 puntos<\/p>\n<p>4. Alemania | 1,319 puntos<\/p>\n<p>5. Chile | 1,316 puntos<\/p>\n<p>6. Portugal | 1,266 puntos<\/p>\n<p>7. Francia | 1,189<\/p>\n<p>8. Espa\u00f1a | 1,165 puntos<\/p>\n<p>9. Brasil | 1,156 puntos<\/p>\n<p>10. Italia | 1,155 puntos<\/p>\n<p><em>Con informaci\u00f3n de la FMF<\/em><\/p>\n","protected":false},"excerpt":{"rendered":"<p>En la clasificaci\u00f3n, Argentina ocupa la primera posici\u00f3n<\/p>\n","protected":false},"author":20,"featured_media":410638,"comment_status":"closed","ping_status":"closed","sticky":false,"template":"","format":"standard","meta":[],"categories":[5,3839,2198,3845],"tags":[65,5979],"_links":{"self":[{"href":"http:\/\/desarrollo.grupomedios.com\/futbol\/wp-json\/wp\/v2\/posts\/410636"}],"collection":[{"href":"http:\/\/desarrollo.grupomedios.com\/futbol\/wp-json\/wp\/v2\/posts"}],"about":[{"href":"http:\/\/desarrollo.grupomedios.com\/futbol\/wp-json\/wp\/v2\/types\/post"}],"author":[{"embeddable":true,"href":"http:\/\/desarrollo.grupomedios.com\/futbol\/wp-json\/wp\/v2\/users\/20"}],"replies":[{"embeddable":true,"href":"http:\/\/desarrollo.grupomedios.com\/futbol\/wp-json\/wp\/v2\/comments?post=410636"}],"version-history":[{"count":0,"href":"http:\/\/desarrollo.grupomedios.com\/futbol\/wp-json\/wp\/v2\/posts\/410636\/revisions"}],"wp:featuredmedia":[{"embeddable":true,"href":"http:\/\/desarrollo.grupomedios.com\/futbol\/wp-json\/wp\/v2\/media\/410638"}],"wp:attachment":[{"href":"http:\/\/desarrollo.grupomedios.com\/futbol\/wp-json\/wp\/v2\/media?parent=410636"}],"wp:term":[{"taxonomy":"category","embeddable":true,"href":"http:\/\/desarrollo.grupomedios.com\/futbol\/wp-json\/wp\/v2\/categories?post=410636"},{"taxonomy":"post_tag","embeddable":true,"href":"http:\/\/desarrollo.grupomedios.com\/futbol\/wp-json\/wp\/v2\/tags?post=410636"}],"curies":[{"name":"wp","href":"https:\/\/api.w.org\/{rel}","templated":true}]}}