{"id":410669,"date":"2016-07-14T13:38:05","date_gmt":"2016-07-14T18:38:05","guid":{"rendered":"http:\/\/www.futboltotal.com.mx\/?p=410669"},"modified":"2016-07-14T13:38:05","modified_gmt":"2016-07-14T18:38:05","slug":"porteros-veteranos-grandisimo-talento","status":"publish","type":"post","link":"http:\/\/desarrollo.grupomedios.com\/futbol\/videos\/porteros-veteranos-grandisimo-talento\/2016\/07","title":{"rendered":"Porteros veteranos con grand\u00edsimo talento"},"content":{"rendered":"<p>Tener 36 a\u00f1os de edad o m\u00e1s, en el futbol significa que tu carrera est\u00e1 cerca de terminar, sin embargo, la posici\u00f3n de portero permite que los guardametas puedan ser m\u00e1s longevos siempre y cuando mantengan un nivel \u00f3ptimo, situaci\u00f3n que demuestran estos cinco <em>cracks<\/em> de la\u00a0<a href=\"http:\/\/www.futboltotal.com.mx\/futbol-mexicano\/\" target=\"_blank\"><strong>Liga MX<\/strong><\/a>.<\/p>\n<p><span style=\"color: #ff0000;\"><strong>VIDEO<\/strong>: Porteros con grand\u00edsimo talento<\/span><\/p>\n<p>[video_player]https:\/\/player.vimeo.com\/external\/174679351.sd.mp4?s=6eac658428f7fae4e1a5921b9d94d99aa69b8b99&amp;profile_id=165[\/video_player]<\/p>\n","protected":false},"excerpt":{"rendered":"<p>Estos guardametas tienen condiciones de crack <\/p>\n","protected":false},"author":20,"featured_media":410671,"comment_status":"closed","ping_status":"closed","sticky":false,"template":"","format":"standard","meta":[],"categories":[2198,3845,4],"tags":[64],"_links":{"self":[{"href":"http:\/\/desarrollo.grupomedios.com\/futbol\/wp-json\/wp\/v2\/posts\/410669"}],"collection":[{"href":"http:\/\/desarrollo.grupomedios.com\/futbol\/wp-json\/wp\/v2\/posts"}],"about":[{"href":"http:\/\/desarrollo.grupomedios.com\/futbol\/wp-json\/wp\/v2\/types\/post"}],"author":[{"embeddable":true,"href":"http:\/\/desarrollo.grupomedios.com\/futbol\/wp-json\/wp\/v2\/users\/20"}],"replies":[{"embeddable":true,"href":"http:\/\/desarrollo.grupomedios.com\/futbol\/wp-json\/wp\/v2\/comments?post=410669"}],"version-history":[{"count":0,"href":"http:\/\/desarrollo.grupomedios.com\/futbol\/wp-json\/wp\/v2\/posts\/410669\/revisions"}],"wp:featuredmedia":[{"embeddable":true,"href":"http:\/\/desarrollo.grupomedios.com\/futbol\/wp-json\/wp\/v2\/media\/410671"}],"wp:attachment":[{"href":"http:\/\/desarrollo.grupomedios.com\/futbol\/wp-json\/wp\/v2\/media?parent=410669"}],"wp:term":[{"taxonomy":"category","embeddable":true,"href":"http:\/\/desarrollo.grupomedios.com\/futbol\/wp-json\/wp\/v2\/categories?post=410669"},{"taxonomy":"post_tag","embeddable":true,"href":"http:\/\/desarrollo.grupomedios.com\/futbol\/wp-json\/wp\/v2\/tags?post=410669"}],"curies":[{"name":"wp","href":"https:\/\/api.w.org\/{rel}","templated":true}]}}