{"id":410682,"date":"2016-07-14T14:46:00","date_gmt":"2016-07-14T19:46:00","guid":{"rendered":"http:\/\/www.futboltotal.com.mx\/?p=410682"},"modified":"2016-07-14T15:20:05","modified_gmt":"2016-07-14T20:20:05","slug":"toluca-presento-armadura-centenario","status":"publish","type":"post","link":"http:\/\/desarrollo.grupomedios.com\/futbol\/futbol-mexicano\/toluca-presento-armadura-centenario\/2016\/07","title":{"rendered":"Toluca presenta su armadura para el Centenario"},"content":{"rendered":"<p>Los <a href=\"http:\/\/www.futboltotal.com.mx\/equipos\/toluca\/\" target=\"_blank\"><strong>Diablos Rojos del Toluca<\/strong><\/a> presentaron este jueves 14 de julio, el que ser\u00e1 su nuevo uniforme para el <strong>Apertura 2016<\/strong>, as\u00ed como los nuevos refuerzos que llegan al club.<\/p>\n<p>En un evento realizado en el Sal\u00f3n de la Fama de los <em>Escarlatas<\/em>, se present\u00f3 el nuevo jersey que utilizar\u00e1n a partir de este s\u00e1bado, as\u00ed como a los refuerzos del club.<\/p>\n<p>El nuevo uniforme sobresale por tener una franja horizontal en el pecho, tanto el de local como el de visitante, haciendo recordar a los primeros uniformes del equipo.<\/p>\n<p>&#8220;Es una obligaci\u00f3n mantenerse en los primeros lugares y conquistar el t\u00edtulo. En v\u00edsperas del centenario y haciendo honor a nuestro equipo, no podemos pensar en otra cosa&#8221;, dijo Valent\u00edn Diez.<\/p>\n<p style=\"text-align: center;\"><span style=\"color: #3366ff;\"><a style=\"color: #3366ff;\" href=\"http:\/\/www.futboltotal.com.mx\/2016\/06\/calendarios-personalizados-apertura-2016\/\" target=\"_blank\"><strong>LEER M\u00c1S: El calendario de Toluca para el Apertura 2016<\/strong><\/a><\/span><\/p>\n<p>Adem\u00e1s del nuevo uniforme, tambi\u00e9n se presentaron oficialmente a los nuevos jugadores de <strong>Toluca<\/strong>, donde destaca el regreso de Antonio Naelson Sinha para retirarse con el club.<\/p>\n<p>Tambi\u00e9n fueron presentados los extranjeros Maikon Leite, Oswaldo Gonz\u00e1lez y Rodrigo G\u00f3mez, adem\u00e1s de Antonio Pedroza y el portero proveniente Coras, Luis Garc\u00eda. &#8220;Todos son conscientes de lo que significa sumarse a <strong>Toluca<\/strong>&#8220;, dijo Diez.<\/p>\n<p><span style=\"color: #ff0000;\"><strong>VIDEO<\/strong>: Porteros con grand\u00edsimo talento<\/span><\/p>\n<p>[video_player]https:\/\/player.vimeo.com\/external\/174679351.sd.mp4?s=6eac658428f7fae4e1a5921b9d94d99aa69b8b99&amp;profile_id=165[\/video_player]<\/p>\n","protected":false},"excerpt":{"rendered":"<p>Los Diablos vestir\u00e1n de gala para el Apertura 2016 <\/p>\n","protected":false},"author":129,"featured_media":410684,"comment_status":"closed","ping_status":"closed","sticky":false,"template":"","format":"standard","meta":[],"categories":[2198,3845,5950],"tags":[5975],"_links":{"self":[{"href":"http:\/\/desarrollo.grupomedios.com\/futbol\/wp-json\/wp\/v2\/posts\/410682"}],"collection":[{"href":"http:\/\/desarrollo.grupomedios.com\/futbol\/wp-json\/wp\/v2\/posts"}],"about":[{"href":"http:\/\/desarrollo.grupomedios.com\/futbol\/wp-json\/wp\/v2\/types\/post"}],"author":[{"embeddable":true,"href":"http:\/\/desarrollo.grupomedios.com\/futbol\/wp-json\/wp\/v2\/users\/129"}],"replies":[{"embeddable":true,"href":"http:\/\/desarrollo.grupomedios.com\/futbol\/wp-json\/wp\/v2\/comments?post=410682"}],"version-history":[{"count":0,"href":"http:\/\/desarrollo.grupomedios.com\/futbol\/wp-json\/wp\/v2\/posts\/410682\/revisions"}],"wp:featuredmedia":[{"embeddable":true,"href":"http:\/\/desarrollo.grupomedios.com\/futbol\/wp-json\/wp\/v2\/media\/410684"}],"wp:attachment":[{"href":"http:\/\/desarrollo.grupomedios.com\/futbol\/wp-json\/wp\/v2\/media?parent=410682"}],"wp:term":[{"taxonomy":"category","embeddable":true,"href":"http:\/\/desarrollo.grupomedios.com\/futbol\/wp-json\/wp\/v2\/categories?post=410682"},{"taxonomy":"post_tag","embeddable":true,"href":"http:\/\/desarrollo.grupomedios.com\/futbol\/wp-json\/wp\/v2\/tags?post=410682"}],"curies":[{"name":"wp","href":"https:\/\/api.w.org\/{rel}","templated":true}]}}