{"id":410715,"date":"2016-07-14T16:23:23","date_gmt":"2016-07-14T21:23:23","guid":{"rendered":"http:\/\/www.futboltotal.com.mx\/?p=410715"},"modified":"2016-07-14T16:23:23","modified_gmt":"2016-07-14T21:23:23","slug":"miguel-layun-responde-a-criticas-en-twitter","status":"publish","type":"post","link":"http:\/\/desarrollo.grupomedios.com\/futbol\/futbol-mexicano\/miguel-layun-responde-a-criticas-en-twitter\/2016\/07","title":{"rendered":"Miguel Lay\u00fan responde a cr\u00edticas en Twitter"},"content":{"rendered":"<p>La goleada que recibi\u00f3 la <a href=\"http:\/\/www.futboltotal.com.mx\/futbol-mexicano\/seleccion-mexicana\/\" target=\"_blank\"><strong>Selecci\u00f3n Mexicana<\/strong><\/a> 7-0 a manos de Chile en la Copa Am\u00e9rica sigue siendo un dolor que molesta a la afici\u00f3n, a tal grado que algunos le reprochan a los jugadores su actuaci\u00f3n, lo cual provoc\u00f3 que <strong>Miguel Lay\u00fan<\/strong> respondiera a las cr\u00edticas.<\/p>\n<p>En <em>Twitter<\/em>, un usuario llam\u00f3 \u201cdivas\u201d a los miembros del <em>Tri<\/em> al considerar que estos no tienen amor a la camiseta y s\u00f3lo les interesa lo econ\u00f3mico, por lo cual no renuncian como lo hiciera Fred con Brasil o el mismo Lionel Messi con Argentina, tras perder otra Final.<\/p>\n<blockquote class=\"twitter-tweet\" data-lang=\"es\">\n<p dir=\"ltr\" lang=\"es\"><a href=\"https:\/\/twitter.com\/Miguel_layun\">@Miguel_layun<\/a> <a href=\"https:\/\/twitter.com\/gerado_lara\">@gerado_lara<\/a> Estas divas no renuncian porque no tienen verguenza, lo \u00fanico que les importa es estar a la moda y sacarse fotos<\/p>\n<p>\u2014 Gael Hern\u00e1ndez (@GaelGaelhdz1) <a href=\"https:\/\/twitter.com\/GaelGaelhdz1\/status\/753647303257235456\">14 de julio de 2016<\/a><\/p><\/blockquote>\n<p><script src=\"\/\/platform.twitter.com\/widgets.js\" async=\"\" charset=\"utf-8\"><\/script><\/p>\n<p>No conforme, <strong>Miguel Lay\u00fan<\/strong> subray\u00f3 que s\u00f3lo perciben su salario en el combinado nacional cuando el resultado es favorable, por tanto, despu\u00e9s del descalabro frente a Chile no les dieron su pago.<\/p>\n<blockquote class=\"twitter-tweet\" data-lang=\"es\"><p>\nEstas &#8220;divas&#8221; renuncian a 40 d\u00edas de descanso por ir con Seleccion, y solo cobramos si ganamos (te dejo el dato). <a href=\"https:\/\/t.co\/O3U2xZeYs3\">https:\/\/t.co\/O3U2xZeYs3<\/a><\/p>\n<p>\u2014 Miguel Layun (@Miguel_layun) <a href=\"https:\/\/twitter.com\/Miguel_layun\/status\/753648521216131072\">14 de julio de 2016<\/a>\n<\/p><\/blockquote>\n<p><script src=\"\/\/platform.twitter.com\/widgets.js\" async=\"\" charset=\"utf-8\"><\/script><\/p>\n<p><span style=\"color: #ff0000;\"><strong>VIDEO<\/strong>: Agenda de TV de la jornada 1<\/span><\/p>\n<p>[video_player]https:\/\/player.vimeo.com\/external\/174419446.sd.mp4?s=5b1f13b09a7ea2b7944eded0922eee84e3b55834&amp;profile_id=165[\/video_player]<\/p>\n","protected":false},"excerpt":{"rendered":"<p>El defensa no aguant\u00f3 los comentarios de un usuario <\/p>\n","protected":false},"author":20,"featured_media":410717,"comment_status":"closed","ping_status":"closed","sticky":false,"template":"","format":"standard","meta":[],"categories":[2198,3847,5950],"tags":[1035,5979],"_links":{"self":[{"href":"http:\/\/desarrollo.grupomedios.com\/futbol\/wp-json\/wp\/v2\/posts\/410715"}],"collection":[{"href":"http:\/\/desarrollo.grupomedios.com\/futbol\/wp-json\/wp\/v2\/posts"}],"about":[{"href":"http:\/\/desarrollo.grupomedios.com\/futbol\/wp-json\/wp\/v2\/types\/post"}],"author":[{"embeddable":true,"href":"http:\/\/desarrollo.grupomedios.com\/futbol\/wp-json\/wp\/v2\/users\/20"}],"replies":[{"embeddable":true,"href":"http:\/\/desarrollo.grupomedios.com\/futbol\/wp-json\/wp\/v2\/comments?post=410715"}],"version-history":[{"count":0,"href":"http:\/\/desarrollo.grupomedios.com\/futbol\/wp-json\/wp\/v2\/posts\/410715\/revisions"}],"wp:featuredmedia":[{"embeddable":true,"href":"http:\/\/desarrollo.grupomedios.com\/futbol\/wp-json\/wp\/v2\/media\/410717"}],"wp:attachment":[{"href":"http:\/\/desarrollo.grupomedios.com\/futbol\/wp-json\/wp\/v2\/media?parent=410715"}],"wp:term":[{"taxonomy":"category","embeddable":true,"href":"http:\/\/desarrollo.grupomedios.com\/futbol\/wp-json\/wp\/v2\/categories?post=410715"},{"taxonomy":"post_tag","embeddable":true,"href":"http:\/\/desarrollo.grupomedios.com\/futbol\/wp-json\/wp\/v2\/tags?post=410715"}],"curies":[{"name":"wp","href":"https:\/\/api.w.org\/{rel}","templated":true}]}}