{"id":410722,"date":"2016-07-14T17:03:14","date_gmt":"2016-07-14T22:03:14","guid":{"rendered":"http:\/\/www.futboltotal.com.mx\/?p=410722"},"modified":"2016-07-14T17:09:37","modified_gmt":"2016-07-14T22:09:37","slug":"cruz-azul-apertura-2016-lo-se-espera","status":"publish","type":"post","link":"http:\/\/desarrollo.grupomedios.com\/futbol\/destacado-home\/cruz-azul-apertura-2016-lo-se-espera\/2016\/07","title":{"rendered":"La M\u00e1quina, obligad\u00edsima a PITAR"},"content":{"rendered":"<p><strong>Am\u00e9rica<\/strong>,\u00a0<strong>Chivas<\/strong>,\u00a0<strong>Cruz Azul<\/strong>\u00a0y\u00a0<strong>Pumas<\/strong>, con la estafeta de cuatro grandes, est\u00e1n listos para despegar en el torneo\u00a0<a href=\"http:\/\/www.futboltotal.com.mx\/futbol-mexicano\/\"><strong>Apertura 2016<\/strong><\/a>, que eleva el tel\u00f3n el pr\u00f3ximo viernes 15 de julio. Antes de que el bal\u00f3n comience a rodar en la<a href=\"http:\/\/www.futboltotal.com.mx\/futbol-mexicano\/\">\u00a0<strong>Liga MX<\/strong><\/a>, en\u00a0Futbol Total\u00a0te ponemos en sinton\u00eda con lo que debes saber de cada uno de ellos. \u00a1No te lo pierdas!<\/p>\n<p>[video_player]https:\/\/player.vimeo.com\/external\/174732613.hd.mp4?s=1d6bf82454683ddbf4c378b454f02755933aba5d&amp;profile_id=174[\/video_player]<\/p>\n<p style=\"text-align: center;\"><span style=\"color: #3366ff;\"><strong><a style=\"color: #3366ff;\" href=\"http:\/\/www.futboltotal.com.mx\/2016\/07\/extranjeros-apertura-2016-liga-mx\/\">LEER M\u00c1S: Escandalosa globalizaci\u00f3n en la Liga MX<\/a><\/strong><\/span><\/p>\n<p>La <a href=\"http:\/\/www.futboltotal.com.mx\/equipos\/cruz-azul\/\"><em>M\u00e1quina<\/em>\u00a0de <strong>Cruz Azul<\/strong><\/a> buscar\u00e1 recuperar\u00a0el protagonismo perdido.\u00a0En el <strong>Apertura 2016<\/strong>, el cuadro <em>cementero<\/em>\u00a0tendr\u00e1 una nueva\u00a0revancha, despu\u00e9s de dos a\u00f1os sin clasificar a la Liguilla.<\/p>\n<p>Para este nuevo comienzo, los dirigidos por Tom\u00e1s Boy deber\u00e1n hacer un gran trabajo durante todo el torneo, pues en los \u00faltimos dos cert\u00e1menes comenzaron muy bien, pero al fina se cayeron y perdieron la clasificaci\u00f3n en las \u00faltimas jornadas.<\/p>\n<blockquote class=\"twitter-tweet\" data-lang=\"es\">\n<p dir=\"ltr\" lang=\"es\">Pase Azul: Tu lugar en el Estadio, \u00a1no te quedes FUERA! <a href=\"https:\/\/t.co\/MLzh0rUVm1\">https:\/\/t.co\/MLzh0rUVm1<\/a> <a href=\"https:\/\/twitter.com\/hashtag\/AzulEsTodo?src=hash\">#AzulEsTodo<\/a> <a href=\"https:\/\/t.co\/pZMZarqZ2h\">pic.twitter.com\/pZMZarqZ2h<\/a><\/p>\n<p>\u2014 CRUZ AZUL FC \u00ae (@Cruz_Azul_FC) <a href=\"https:\/\/twitter.com\/Cruz_Azul_FC\/status\/751069973905367040\">7 de julio de 2016<\/a><\/p><\/blockquote>\n<p><script src=\"\/\/platform.twitter.com\/widgets.js\" async=\"\" charset=\"utf-8\"><\/script><\/p>\n<p>El <em>Jefe<\/em> tendr\u00e1 la obligaci\u00f3n\u00a0de llevar a <strong>Cruz Azul<\/strong> a Liguilla. Y\u00a0ante la nueva oportunidad que recibi\u00f3 y tras armar la plantilla con los jugadores que \u00e9l eligi\u00f3, no tendr\u00e1 ning\u00fan pretexto para no cumplir los objetivos.<\/p>\n<p>En tanto, destacar que el peso del ataque <em>cementero<\/em>\u00a0volver\u00e1 a caer sobre el paraguayo Jorge Ben\u00edtez, quien ya demostr\u00f3 su calidad en el torneo pasado cuando fue el goleador del equipo. El <em>Conejo<\/em> deber\u00e1 tener cuidado con las lesiones y sanciones, pues en el Clausura 2016, <strong>Cruz Azul<\/strong> vivi\u00f3 sus peores momentos cuando el goleador estuvo fuera.<\/p>\n","protected":false},"excerpt":{"rendered":"<p>Te presentamos el panorama de Cruz Azul para el Apertura 2016<\/p>\n","protected":false},"author":20,"featured_media":410736,"comment_status":"closed","ping_status":"closed","sticky":false,"template":"","format":"standard","meta":[],"categories":[5,2198,3845],"tags":[6927,5962],"_links":{"self":[{"href":"http:\/\/desarrollo.grupomedios.com\/futbol\/wp-json\/wp\/v2\/posts\/410722"}],"collection":[{"href":"http:\/\/desarrollo.grupomedios.com\/futbol\/wp-json\/wp\/v2\/posts"}],"about":[{"href":"http:\/\/desarrollo.grupomedios.com\/futbol\/wp-json\/wp\/v2\/types\/post"}],"author":[{"embeddable":true,"href":"http:\/\/desarrollo.grupomedios.com\/futbol\/wp-json\/wp\/v2\/users\/20"}],"replies":[{"embeddable":true,"href":"http:\/\/desarrollo.grupomedios.com\/futbol\/wp-json\/wp\/v2\/comments?post=410722"}],"version-history":[{"count":0,"href":"http:\/\/desarrollo.grupomedios.com\/futbol\/wp-json\/wp\/v2\/posts\/410722\/revisions"}],"wp:featuredmedia":[{"embeddable":true,"href":"http:\/\/desarrollo.grupomedios.com\/futbol\/wp-json\/wp\/v2\/media\/410736"}],"wp:attachment":[{"href":"http:\/\/desarrollo.grupomedios.com\/futbol\/wp-json\/wp\/v2\/media?parent=410722"}],"wp:term":[{"taxonomy":"category","embeddable":true,"href":"http:\/\/desarrollo.grupomedios.com\/futbol\/wp-json\/wp\/v2\/categories?post=410722"},{"taxonomy":"post_tag","embeddable":true,"href":"http:\/\/desarrollo.grupomedios.com\/futbol\/wp-json\/wp\/v2\/tags?post=410722"}],"curies":[{"name":"wp","href":"https:\/\/api.w.org\/{rel}","templated":true}]}}