{"id":410773,"date":"2016-07-15T07:57:18","date_gmt":"2016-07-15T12:57:18","guid":{"rendered":"http:\/\/www.futboltotal.com.mx\/?p=410773"},"modified":"2016-07-15T10:00:55","modified_gmt":"2016-07-15T15:00:55","slug":"11-ideal-necaxa-apertura-2016","status":"publish","type":"post","link":"http:\/\/desarrollo.grupomedios.com\/futbol\/futbol-mexicano\/11-ideal-necaxa-apertura-2016\/2016\/07","title":{"rendered":"El 11 ideal de Necaxa para el Apertura 2016"},"content":{"rendered":"<p>Este viernes 15 de julio, da inicio el <strong>Apertura 2016<\/strong> y los equipos ya se dicen listos para arrancar la nueva campa\u00f1a de la <strong>Liga MX<\/strong>, de la mejor forma, pues en v\u00edsperas del arranque del torneo presentaron sus respectivos uniformes para este certamen.<\/p>\n<p>Uno de los equipos de los que m\u00e1s se espera, es el<a href=\"http:\/\/www.futboltotal.com.mx\/equipos\/necaxa\/\" target=\"_blank\"> <strong>Necaxa<\/strong><\/a>, club que regres\u00f3 a la <strong>Liga MX<\/strong> tras cinco a\u00f1os de ausencia, pero que previo al arranque del <strong>Apertura 2016<\/strong> se reforz\u00f3 de manera sorprendente, por lo que le podr\u00eda dar un susto a los implicados en la porcentual, como Morelia y Xolos.<\/p>\n<p>Por eso a continuaci\u00f3n, presentamos el que podr\u00eda ser, el mejor 11 de <strong>Necaxa<\/strong> para el <strong>Apertura 2016<\/strong>, en la que se especula que podr\u00eda ser una combinaci\u00f3n, de las incorporaciones que tiene el equipo <em>rojiblanco<\/em> y los jugadores que le dieron el ascenso, de acuerdo al estilo de Alfonso Sosa, quien declar\u00f3 que respetar\u00eda jerarqu\u00edas.<\/p>\n<p style=\"text-align: center;\"><span style=\"color: #3366ff;\"><a style=\"color: #3366ff;\" href=\"http:\/\/www.futboltotal.com.mx\/2016\/06\/calendarios-personalizados-apertura-2016\/\" target=\"_blank\"><strong>LEER M\u00c1S: El calendario del Necaxa para el Apertura 2016<\/strong><\/a><\/span><\/p>\n<p><a href=\"http:\/\/www.futboltotal.com.mx\/wp-content\/uploads\/2016\/07\/11-ideal-necaxa-apertura-2016.jpg\"><img decoding=\"async\" loading=\"lazy\" class=\"alignnone size-full wp-image-410774\" src=\"http:\/\/www.futboltotal.com.mx\/wp-content\/uploads\/2016\/07\/11-ideal-necaxa-apertura-2016.jpg\" alt=\"11-ideal-necaxa-apertura-2016\" srcset=\"http:\/\/desarrollo.grupomedios.com\/futbol\/wp-content\/uploads\/2016\/07\/11-ideal-necaxa-apertura-2016.jpg 858w, http:\/\/desarrollo.grupomedios.com\/futbol\/wp-content\/uploads\/2016\/07\/11-ideal-necaxa-apertura-2016-215x300.jpg 215w, http:\/\/desarrollo.grupomedios.com\/futbol\/wp-content\/uploads\/2016\/07\/11-ideal-necaxa-apertura-2016-768x1071.jpg 768w, http:\/\/desarrollo.grupomedios.com\/futbol\/wp-content\/uploads\/2016\/07\/11-ideal-necaxa-apertura-2016-735x1024.jpg 735w\" sizes=\"(max-width: 858px) 100vw, 858px\" \/><\/a><\/p>\n<p><strong>Marcelo Barovero<\/strong> | Argentino | El cancerbero lleg\u00f3 para competir fuertemente con Yosgart Guti\u00e9rrez por la titularidad. El duelo es interesante, pues el argentino es uno de los cuatro refuerzos m\u00e1s caros del torneo, y uno de los mejores porteros del continente.<\/p>\n<p><strong>Erik Vera<\/strong> | Mexicano | Canterano de Pumas que poco a poco se gan\u00f3 su lugar en el 11 de los <em>Rayos<\/em> que consiguieron el ascenso, depender\u00e1 de \u00e9l, mantenerse en ese puesto.<\/p>\n<p><strong>Marcos Gonz\u00e1lez<\/strong> | Brasile\u00f1o naturalizado chileno | Zaguero andino que lleg\u00f3 para hacer de la defensa <em>hidroc\u00e1lida<\/em> una muralla.<\/p>\n<p><strong>Mario de Luna<\/strong> | Mexicano | El central mexicano tambi\u00e9n mantuvo la titularidad durante el proceso de ascenso de Necaxa; sin embargo, hay otros jugadores en su posici\u00f3n, esperando en la banca.<\/p>\n<p><strong>Brayan Beckeles<\/strong> | Hundure\u00f1o | Seleccionado catracho que lleg\u00f3 al equipo hace un a\u00f1o y que compiti\u00f3 tanto en liga como en copa, donde los <em>Rayos<\/em> sobresalieron.<\/p>\n<p><strong>Manuel Iturra<\/strong> | Chileno | Con experiencia mundialista, el andino buscar\u00e1 darle un equilibrio al medio campo <em>rojiblanco<\/em>.<\/p>\n<p><strong>Luis Felipe Gallegos<\/strong> | Chile | Realiz\u00f3 grandes anotaciones que le dieron triunfos importantes a los <em>Rayos<\/em>, pero el colombiano Jes\u00fas G\u00f3mez puede alternar muy bien su posici\u00f3n.<\/p>\n<p><strong>Xavier B\u00e1ez<\/strong> | Mexicano | Xavi es el mexicano que puede sobresalir en el medio campo de Necaxa, aunque tambi\u00e9n puede alternar con Jes\u00fas G\u00f3mez.<\/p>\n<p><strong>Edson Puch<\/strong> | Chileno | Campe\u00f3n de Copa Am\u00e9rica que estar\u00e1 en la mira de todos, pues podr\u00eda darle muchas alegr\u00edas a los <em>Rayos<\/em>.<\/p>\n<p><strong>Jes\u00fas Isijara<\/strong> | Mexicano | Fue la revelaci\u00f3n el semestre anterior, por lo que ahora buscar\u00e1 repetir y quiz\u00e1, hasta ganarse un llamado al <em>TRI<\/em>.<\/p>\n<p><strong>Rodrigo Prieto<\/strong> | Mexicano | Se hizo un delantero peligroso en el Ascenso, pero llegaron delanteros extranjeros como Diego Riolfo, que podr\u00edan desplazarlo.<\/p>\n","protected":false},"excerpt":{"rendered":"<p>Este ser\u00eda el parado de los Rayos en su regreso a Liga MX<\/p>\n","protected":false},"author":20,"featured_media":410775,"comment_status":"closed","ping_status":"closed","sticky":false,"template":"","format":"standard","meta":[],"categories":[2198,3845,5950],"tags":[6927,261],"_links":{"self":[{"href":"http:\/\/desarrollo.grupomedios.com\/futbol\/wp-json\/wp\/v2\/posts\/410773"}],"collection":[{"href":"http:\/\/desarrollo.grupomedios.com\/futbol\/wp-json\/wp\/v2\/posts"}],"about":[{"href":"http:\/\/desarrollo.grupomedios.com\/futbol\/wp-json\/wp\/v2\/types\/post"}],"author":[{"embeddable":true,"href":"http:\/\/desarrollo.grupomedios.com\/futbol\/wp-json\/wp\/v2\/users\/20"}],"replies":[{"embeddable":true,"href":"http:\/\/desarrollo.grupomedios.com\/futbol\/wp-json\/wp\/v2\/comments?post=410773"}],"version-history":[{"count":0,"href":"http:\/\/desarrollo.grupomedios.com\/futbol\/wp-json\/wp\/v2\/posts\/410773\/revisions"}],"wp:featuredmedia":[{"embeddable":true,"href":"http:\/\/desarrollo.grupomedios.com\/futbol\/wp-json\/wp\/v2\/media\/410775"}],"wp:attachment":[{"href":"http:\/\/desarrollo.grupomedios.com\/futbol\/wp-json\/wp\/v2\/media?parent=410773"}],"wp:term":[{"taxonomy":"category","embeddable":true,"href":"http:\/\/desarrollo.grupomedios.com\/futbol\/wp-json\/wp\/v2\/categories?post=410773"},{"taxonomy":"post_tag","embeddable":true,"href":"http:\/\/desarrollo.grupomedios.com\/futbol\/wp-json\/wp\/v2\/tags?post=410773"}],"curies":[{"name":"wp","href":"https:\/\/api.w.org\/{rel}","templated":true}]}}