{"id":410782,"date":"2016-07-14T19:39:41","date_gmt":"2016-07-15T00:39:41","guid":{"rendered":"http:\/\/www.futboltotal.com.mx\/?p=410782"},"modified":"2016-07-14T19:39:41","modified_gmt":"2016-07-15T00:39:41","slug":"los-7-ausentes-del-apertura-2016","status":"publish","type":"post","link":"http:\/\/desarrollo.grupomedios.com\/futbol\/futbol-mexicano\/los-7-ausentes-del-apertura-2016\/2016\/07","title":{"rendered":"Los 7 ausentes del Apertura 2016"},"content":{"rendered":"<p>De momento son 47 extranjeros nuevos que arribaron a la <a href=\"http:\/\/www.futboltotal.com.mx\/futbol-mexicano\/\" target=\"_blank\"><strong>Liga MX<\/strong><\/a> para el <strong>Apertura 2016<\/strong>, lo cual provoc\u00f3 que algunos jugadores se fueran y terminaran su participaci\u00f3n en la que se esforzaron para brillar en el balompi\u00e9 nacional.<\/p>\n<p><script src=\"\/\/cdn.playbuzz.com\/widget\/feed.js\" type=\"text\/javascript\"><\/script><\/p>\n<div class=\"pb_feed\" data-embed-by=\"d43f3879-83ed-40bc-99d7-fde80605466f\" data-game=\"\/futboltotal\/los-7-ausentes-del-apertura-2016\" data-recommend=\"false\" data-game-info=\"false\" data-comments=\"false\"><\/div>\n<p><span style=\"color: #800000;\"><strong>Omar Bravo (RailHawks)<\/strong><\/span> | El goleador hist\u00f3rico de Chivas decidi\u00f3 que la recta final de su carrera ser\u00e1 en la NASL (Segunda Divisi\u00f3n de Estados Unidos).<\/p>\n<p><span style=\"color: #800000;\"><strong>Gerardo Torrado (Indy Eleven)<\/strong><\/span> | Despu\u00e9s de 11 a\u00f1os de estar en Cruz Azul, el mediocampista tambi\u00e9n opt\u00f3 por la NASL.<\/p>\n<p><span style=\"color: #800000;\"><strong>Israel Castro<\/strong> <\/span>| El contenci\u00f3n fue a menos, al grado que a\u00fan piensa ya sea en la NASL o bien en el retiro.<\/p>\n<blockquote class=\"twitter-tweet\" data-lang=\"es\"><p>\nGana jornada a jornada y un recibe un GRAN PREMIO al final del torneo <a href=\"https:\/\/twitter.com\/hashtag\/LIGABancomerVIRTUAL?src=hash\">#LIGABancomerVIRTUAL<\/a> <a href=\"https:\/\/t.co\/j2xVHcKA4S\">https:\/\/t.co\/j2xVHcKA4S<\/a> <a href=\"https:\/\/t.co\/iFXYimk2xM\">pic.twitter.com\/iFXYimk2xM<\/a><\/p>\n<p>\u2014 LIGA Bancomer MX (@LIGABancomerMX) <a href=\"https:\/\/twitter.com\/LIGABancomerMX\/status\/753665571997249536\">14 de julio de 2016<\/a>\n<\/p><\/blockquote>\n<p><script src=\"\/\/platform.twitter.com\/widgets.js\" async=\"\" charset=\"utf-8\"><\/script><br \/>\n<span style=\"color: #800000;\"><strong>Dar\u00edo Benedetto (Boca Jr.)<\/strong> <\/span>| Cansado por la presi\u00f3n y los reproches del p\u00fablico azulcrema, el delantero pidi\u00f3 su salida, para su suerte el conjunto xeneize lo contrat\u00f3.<\/p>\n<p><span style=\"color: #800000;\"><strong>Marc Crosas (Tenerife)<\/strong><\/span> | La lesi\u00f3n le impidi\u00f3 mostrarse en Cruz Azul, no conforme, Tom\u00e1s Boy no lo contempl\u00f3 y el espa\u00f1ol sali\u00f3 por la puerta de atr\u00e1s.<\/p>\n<p><span style=\"color: #800000;\"><strong>Daniel Ludue\u00f1a (Talleres)<\/strong> <\/span>| Paco Palencia no quiso al veterano, al que mandaron al Zacatepec, pero Hachita termin\u00f3 por firmar con Talleres.<\/p>\n<blockquote class=\"twitter-tweet\" data-lang=\"es\"><p>y t\u00fa, \u00bfd\u00f3nde vas a disfrutar de la inaugural <a href=\"https:\/\/twitter.com\/hashtag\/J1AP2016?src=hash\">#J1AP2016<\/a> de la <a href=\"https:\/\/twitter.com\/hashtag\/LIGABancomerMX?src=hash\">#LIGABancomerMX<\/a>?<a href=\"https:\/\/twitter.com\/hashtag\/SienteTuLiga?src=hash\">#SienteTuLiga<\/a> \u26bd <a href=\"https:\/\/twitter.com\/hashtag\/AbrazadosPorElFutbol?src=hash\">#AbrazadosPorElFutbol<\/a> <a href=\"https:\/\/t.co\/4C1X26r19h\">pic.twitter.com\/4C1X26r19h<\/a><\/p>\n<p>\u2014 LIGA Bancomer MX (@LIGABancomerMX) <a href=\"https:\/\/twitter.com\/LIGABancomerMX\/status\/753608752578826240\">14 de julio de 2016<\/a><\/p><\/blockquote>\n<p><script src=\"\/\/platform.twitter.com\/widgets.js\" async=\"\" charset=\"utf-8\"><\/script><\/p>\n<p>Rafael S\u00f3bis (Cruzeiro) | Con la presencia de Ismael Sosa, Tigres decidi\u00f3 darle salida al brasile\u00f1o, pese a la negativa de la afici\u00f3n.<\/p>\n<p><span style=\"color: #ff0000;\"><strong>VIDEO<\/strong>: Agenda de TV de la jornada 1<\/span><\/p>\n<p>[video_player]https:\/\/player.vimeo.com\/external\/174419446.sd.mp4?s=5b1f13b09a7ea2b7944eded0922eee84e3b55834&amp;profile_id=165[\/video_player]<\/p>\n","protected":false},"excerpt":{"rendered":"<p>Estos jugadores ya no estar\u00e1n en la Liga MX <\/p>\n","protected":false},"author":20,"featured_media":410783,"comment_status":"closed","ping_status":"closed","sticky":false,"template":"","format":"standard","meta":[],"categories":[2198,3845],"tags":[6927,64],"_links":{"self":[{"href":"http:\/\/desarrollo.grupomedios.com\/futbol\/wp-json\/wp\/v2\/posts\/410782"}],"collection":[{"href":"http:\/\/desarrollo.grupomedios.com\/futbol\/wp-json\/wp\/v2\/posts"}],"about":[{"href":"http:\/\/desarrollo.grupomedios.com\/futbol\/wp-json\/wp\/v2\/types\/post"}],"author":[{"embeddable":true,"href":"http:\/\/desarrollo.grupomedios.com\/futbol\/wp-json\/wp\/v2\/users\/20"}],"replies":[{"embeddable":true,"href":"http:\/\/desarrollo.grupomedios.com\/futbol\/wp-json\/wp\/v2\/comments?post=410782"}],"version-history":[{"count":0,"href":"http:\/\/desarrollo.grupomedios.com\/futbol\/wp-json\/wp\/v2\/posts\/410782\/revisions"}],"wp:featuredmedia":[{"embeddable":true,"href":"http:\/\/desarrollo.grupomedios.com\/futbol\/wp-json\/wp\/v2\/media\/410783"}],"wp:attachment":[{"href":"http:\/\/desarrollo.grupomedios.com\/futbol\/wp-json\/wp\/v2\/media?parent=410782"}],"wp:term":[{"taxonomy":"category","embeddable":true,"href":"http:\/\/desarrollo.grupomedios.com\/futbol\/wp-json\/wp\/v2\/categories?post=410782"},{"taxonomy":"post_tag","embeddable":true,"href":"http:\/\/desarrollo.grupomedios.com\/futbol\/wp-json\/wp\/v2\/tags?post=410782"}],"curies":[{"name":"wp","href":"https:\/\/api.w.org\/{rel}","templated":true}]}}