{"id":410785,"date":"2016-07-15T07:58:47","date_gmt":"2016-07-15T12:58:47","guid":{"rendered":"http:\/\/www.futboltotal.com.mx\/?p=410785"},"modified":"2016-07-15T10:00:47","modified_gmt":"2016-07-15T15:00:47","slug":"los-fichajes-la-tv-deportiva-apertura-2016","status":"publish","type":"post","link":"http:\/\/desarrollo.grupomedios.com\/futbol\/cambio-de-juego\/los-fichajes-la-tv-deportiva-apertura-2016\/2016\/07","title":{"rendered":"Los fichajes de la TV deportiva"},"content":{"rendered":"<p>Previo al arranque del <strong>Apertura 2016<\/strong>, los equipos estuvieron prepar\u00e1ndose para arrancar de la mejor forma la nueva campa\u00f1a de la <strong>Liga MX<\/strong>, pero no fueron los \u00fanicos en realizar fichajes durante el verano, ya que las televisoras, tambi\u00e9n hicieron sus modificaciones.<\/p>\n<p><img decoding=\"async\" style=\"max-width:100%\" src=\"\/\/cdn.thinglink.me\/api\/image\/810435025123147776\/1024\/10\/scaletowidth#tl-810435025123147776;1043138249'\" class=\"alwaysThinglink\"\/><script async charset=\"utf-8\" src=\"\/\/cdn.thinglink.me\/jse\/embed.js\"><\/script><\/p>\n<p><script type=\"text\/javascript\" src=\"\/\/cdn.playbuzz.com\/widget\/feed.js\"><\/script><\/p>\n<div class=\"pb_feed\" data-embed-by=\"d43f3879-83ed-40bc-99d7-fde80605466f\" data-game=\"\/futboltotal\/los-fichajes-de-la-tv-deportiva\" data-recommend=\"false\" data-game-info=\"false\" data-comments=\"false\" ><\/div>\n<p><strong>TV Azteca<\/strong>, que le dio la espalda a las telenovelas, ahora apuesta por revivir su \u00e1rea de deportes que se hab\u00eda mantenido estable debido a la popularidad de su tercia de comentaristas c\u00e9lebre. Por eso ahora, al equipo se sumaron la conductora Patty L\u00f3pez de la Cerda, y el ex \u00e1rbitro, Marco Antonio Rodr\u00edguez.<\/p>\n<p style=\"text-align: center;\"><span style=\"color: #3366ff;\"><a style=\"color: #3366ff;\" href=\"http:\/\/www.futboltotal.com.mx\/2016\/07\/twitter-le-va-al-necaxa\/\" target=\"_blank\"><strong>LEER M\u00c1S: Afirman que Twitter le va al Necaxa<\/strong><\/a><\/span><\/p>\n<p>Por su parte en <strong>Televisa<\/strong>, la incursi\u00f3n de Francisco Javier Gonz\u00e1lez se comienza a notar poco a poco, por eso para competir en la cuesti\u00f3n de las bellezas, contrat\u00f3 a Mariana Vel\u00e1zquez de Le\u00f3n y a la modelo Daniella Ch\u00e1vez.<\/p>\n<p><strong>ESPN<\/strong> sorprendi\u00f3 al fichar a Vanessa Huppenkothen y al regresar a la televisi\u00f3n a Juan Carlos Gabriel de Anda. Por su parte, <strong>Fox Sports<\/strong>, se rob\u00f3 al reportero pol\u00edglota, Alberto Lati. Y quien no se quiso quedar, fue <strong>Grupo Imagen<\/strong>, quien adem\u00e1s de tomar a dos equipos de la Liga MX para transmitir sus encuentros, fich\u00f3 a Javier Alarc\u00f3n.<\/p>\n","protected":false},"excerpt":{"rendered":"<p>Estos movimientos se dieron en la televisi\u00f3n<\/p>\n","protected":false},"author":20,"featured_media":410789,"comment_status":"closed","ping_status":"closed","sticky":false,"template":"","format":"standard","meta":[],"categories":[5419],"tags":[5460,5448,1490,7258,4722,4665],"_links":{"self":[{"href":"http:\/\/desarrollo.grupomedios.com\/futbol\/wp-json\/wp\/v2\/posts\/410785"}],"collection":[{"href":"http:\/\/desarrollo.grupomedios.com\/futbol\/wp-json\/wp\/v2\/posts"}],"about":[{"href":"http:\/\/desarrollo.grupomedios.com\/futbol\/wp-json\/wp\/v2\/types\/post"}],"author":[{"embeddable":true,"href":"http:\/\/desarrollo.grupomedios.com\/futbol\/wp-json\/wp\/v2\/users\/20"}],"replies":[{"embeddable":true,"href":"http:\/\/desarrollo.grupomedios.com\/futbol\/wp-json\/wp\/v2\/comments?post=410785"}],"version-history":[{"count":0,"href":"http:\/\/desarrollo.grupomedios.com\/futbol\/wp-json\/wp\/v2\/posts\/410785\/revisions"}],"wp:featuredmedia":[{"embeddable":true,"href":"http:\/\/desarrollo.grupomedios.com\/futbol\/wp-json\/wp\/v2\/media\/410789"}],"wp:attachment":[{"href":"http:\/\/desarrollo.grupomedios.com\/futbol\/wp-json\/wp\/v2\/media?parent=410785"}],"wp:term":[{"taxonomy":"category","embeddable":true,"href":"http:\/\/desarrollo.grupomedios.com\/futbol\/wp-json\/wp\/v2\/categories?post=410785"},{"taxonomy":"post_tag","embeddable":true,"href":"http:\/\/desarrollo.grupomedios.com\/futbol\/wp-json\/wp\/v2\/tags?post=410785"}],"curies":[{"name":"wp","href":"https:\/\/api.w.org\/{rel}","templated":true}]}}